{"id":17,"date":"2023-02-16T08:23:22","date_gmt":"2023-02-16T08:23:22","guid":{"rendered":"https:\/\/abella.ro\/blog\/?p=17"},"modified":"2023-02-16T10:06:23","modified_gmt":"2023-02-16T10:06:23","slug":"culori-populare-rochii-elegante","status":"publish","type":"post","link":"https:\/\/abella.ro\/blog\/culori-populare-rochii-elegante\/","title":{"rendered":"Cele mai populare culori de rochii elegante in 2023"},"content":{"rendered":"<p>Dac\u0103 e\u0219ti \u00een c\u0103utarea unei rochii elegante, alegerea culorii este un factor important. Culorile pot s\u0103 spun\u0103 multe despre personalitatea ta \u0219i pot influen\u021ba modul \u00een care e\u0219ti perceput\u0103. \u00cen plus, alegerea culorii potrivite poate s\u0103 fac\u0103 o mare diferen\u021b\u0103 \u00een felul \u00een care ar\u0103\u021bi \u0219i te sim\u021bi \u00een rochie.<\/p>\n<p>\u00cen acest articol, vom explora cele mai populare culori de rochii elegante \u0219i vom oferi sfaturi pentru a alege culoarea perfect\u0103 pentru tine.<\/p>\n<p><strong>Rochiile elegante negre<\/strong><\/p>\n<p><img loading=\"lazy\" decoding=\"async\" class=\"wp-image-19 size-full aligncenter\" src=\"https:\/\/abella.ro\/blog\/wp-content\/uploads\/2023\/02\/rochii-elegante-negre.jpg\" alt=\"rochie neagra eleganta\" width=\"736\" height=\"919\" srcset=\"https:\/\/abella.ro\/blog\/wp-content\/uploads\/2023\/02\/rochii-elegante-negre.jpg 736w, https:\/\/abella.ro\/blog\/wp-content\/uploads\/2023\/02\/rochii-elegante-negre-240x300.jpg 240w, https:\/\/abella.ro\/blog\/wp-content\/uploads\/2023\/02\/rochii-elegante-negre-150x187.jpg 150w\" sizes=\"auto, (max-width: 736px) 100vw, 736px\" \/><\/p>\n<p>Negru este, de departe, cea mai popular\u0103 culoare de rochie elegant\u0103. Este o alegere clasic\u0103 \u0219i versatil\u0103, care poate fi purtat\u0103 la o varietate de evenimente. Negru este o culoare elegant\u0103, care transmite putere \u0219i \u00eencredere \u00een sine. Este perfect\u0103 pentru evenimente formale, cum ar fi nun\u021bi sau cocktailuri.<\/p>\n<p><strong>Rochii elegante rosii<\/strong><\/p>\n<p><img loading=\"lazy\" decoding=\"async\" class=\"aligncenter wp-image-20 size-full\" src=\"https:\/\/abella.ro\/blog\/wp-content\/uploads\/2023\/02\/rochii-rosii.webp\" alt=\"rochie rosie\" width=\"600\" height=\"965\" srcset=\"https:\/\/abella.ro\/blog\/wp-content\/uploads\/2023\/02\/rochii-rosii.webp 600w, https:\/\/abella.ro\/blog\/wp-content\/uploads\/2023\/02\/rochii-rosii-187x300.webp 187w, https:\/\/abella.ro\/blog\/wp-content\/uploads\/2023\/02\/rochii-rosii-150x241.webp 150w\" sizes=\"auto, (max-width: 600px) 100vw, 600px\" \/><\/p>\n<p>Ro\u0219u este o culoare puternic\u0103 \u0219i pasional\u0103, care poate s\u0103 fac\u0103 o impresie puternic\u0103. Este perfect\u0103 pentru femeile puternice \u0219i \u00eencrez\u0103toare, care vor s\u0103 ias\u0103 \u00een eviden\u021b\u0103. Ro\u0219ul poate fi purtat \u00eentr-o varietate de nuan\u021be, de la ro\u0219u aprins la burgund sau la roz pal. Este o alegere excelent\u0103 pentru evenimentele romantice sau pentru o ie\u0219ire de sear\u0103.<\/p>\n<p><strong>Rochie eleganta albastra<\/strong><\/p>\n<p><img loading=\"lazy\" decoding=\"async\" class=\"aligncenter wp-image-21 size-full\" src=\"https:\/\/abella.ro\/blog\/wp-content\/uploads\/2023\/02\/rochii-albastre.png\" alt=\"rochie albastra\" width=\"540\" height=\"626\" srcset=\"https:\/\/abella.ro\/blog\/wp-content\/uploads\/2023\/02\/rochii-albastre.png 540w, https:\/\/abella.ro\/blog\/wp-content\/uploads\/2023\/02\/rochii-albastre-259x300.png 259w, https:\/\/abella.ro\/blog\/wp-content\/uploads\/2023\/02\/rochii-albastre-150x174.png 150w\" sizes=\"auto, (max-width: 540px) 100vw, 540px\" \/><\/p>\n<p>Albastrul este o culoare calm\u0103 \u0219i sigur\u0103, care transmite elegan\u021b\u0103 \u0219i rafinament. Este o alegere excelent\u0103 pentru femeile care doresc s\u0103 arate sofisticate \u0219i \u00eencrez\u0103toare. Albastrul poate fi purtat \u00een nuan\u021be deschise, precum albastru deschis sau bleu, sau \u00een nuan\u021be mai \u00eenchise, precum bleumarin sau albastru \u00eenchis. Este o culoare versatil\u0103, care poate fi purtat\u0103 la o varietate de evenimente, de la nun\u021bi p\u00e2n\u0103 la petreceri de birou.<\/p>\n<p><strong>Rochii elegante de\u00a0 culoare verde<\/strong><\/p>\n<p><img loading=\"lazy\" decoding=\"async\" class=\"aligncenter wp-image-24 size-large\" src=\"https:\/\/abella.ro\/blog\/wp-content\/uploads\/2023\/02\/rochii-verzi-683x1024.webp\" alt=\"rochie verde\" width=\"683\" height=\"1024\" srcset=\"https:\/\/abella.ro\/blog\/wp-content\/uploads\/2023\/02\/rochii-verzi-683x1024.webp 683w, https:\/\/abella.ro\/blog\/wp-content\/uploads\/2023\/02\/rochii-verzi-200x300.webp 200w, https:\/\/abella.ro\/blog\/wp-content\/uploads\/2023\/02\/rochii-verzi-768x1152.webp 768w, https:\/\/abella.ro\/blog\/wp-content\/uploads\/2023\/02\/rochii-verzi-1024x1536.webp 1024w, https:\/\/abella.ro\/blog\/wp-content\/uploads\/2023\/02\/rochii-verzi-150x225.webp 150w, https:\/\/abella.ro\/blog\/wp-content\/uploads\/2023\/02\/rochii-verzi.webp 1365w\" sizes=\"auto, (max-width: 683px) 100vw, 683px\" \/><\/p>\n<p>Verdele este o culoare proasp\u0103t\u0103 \u0219i prim\u0103v\u0103ratic\u0103, care poate aduce un strop de culoare \u00een garderoba ta. Verdele poate fi purtat \u00een nuan\u021be vibrante, precum verde smarald, sau \u00een nuan\u021be mai palide, precum verdele pastel. Este o alegere excelent\u0103 pentru evenimentele de var\u0103 sau pentru o ie\u0219ire \u00een natur\u0103.<\/p>\n<p><strong>Rochii Albe<\/strong><\/p>\n<p><img loading=\"lazy\" decoding=\"async\" class=\"aligncenter wp-image-25 size-full\" src=\"https:\/\/abella.ro\/blog\/wp-content\/uploads\/2023\/02\/rochii-albe.webp\" alt=\"rochie alba\" width=\"540\" height=\"900\" srcset=\"https:\/\/abella.ro\/blog\/wp-content\/uploads\/2023\/02\/rochii-albe.webp 540w, https:\/\/abella.ro\/blog\/wp-content\/uploads\/2023\/02\/rochii-albe-180x300.webp 180w, https:\/\/abella.ro\/blog\/wp-content\/uploads\/2023\/02\/rochii-albe-150x250.webp 150w\" sizes=\"auto, (max-width: 540px) 100vw, 540px\" \/><\/p>\n<p>Albul este o culoare clasic\u0103 \u0219i pur\u0103, care poate fi purtat\u0103 la evenimentele elegante \u0219i sofisticate. Este o alegere excelent\u0103 pentru mirese sau pentru evenimentele de var\u0103. Albul este o culoare versatil\u0103, care poate fi purtat\u0103 cu accesorii de culoare sau cu pantofi cu toc.<\/p>\n<p><strong>Rochii elegante aurii<\/strong><\/p>\n<p><img loading=\"lazy\" decoding=\"async\" class=\"aligncenter wp-image-26 size-full\" src=\"https:\/\/abella.ro\/blog\/wp-content\/uploads\/2023\/02\/rochii-aurii.png\" alt=\"rochie aurie\" width=\"480\" height=\"720\" srcset=\"https:\/\/abella.ro\/blog\/wp-content\/uploads\/2023\/02\/rochii-aurii.png 480w, https:\/\/abella.ro\/blog\/wp-content\/uploads\/2023\/02\/rochii-aurii-200x300.png 200w, https:\/\/abella.ro\/blog\/wp-content\/uploads\/2023\/02\/rochii-aurii-150x225.png 150w\" sizes=\"auto, (max-width: 480px) 100vw, 480px\" \/><\/p>\n<p>Aurul este o culoare indrazneata si luxoasa pentru o rochie eleganta si poate fi o alegere perfecta pentru ocazii speciale, cum ar fi nunta unui prieten sau o petrecere la piscina.<\/p>\n<p>Pentru a asorta o rochie aurie, incercati sa alegeti accesorii in culori neutre, cum ar fi alb sau negru. Aceste culori vor ajuta la pastrarea aspectului general echilibrat si elegant.<\/p>\n<p><strong>Rochii Arginitii<\/strong><\/p>\n<p><img loading=\"lazy\" decoding=\"async\" class=\"aligncenter wp-image-27 size-full\" src=\"https:\/\/abella.ro\/blog\/wp-content\/uploads\/2023\/02\/rochii-arginitii.jpg\" alt=\"rochie argintie\" width=\"667\" height=\"1000\" srcset=\"https:\/\/abella.ro\/blog\/wp-content\/uploads\/2023\/02\/rochii-arginitii.jpg 667w, https:\/\/abella.ro\/blog\/wp-content\/uploads\/2023\/02\/rochii-arginitii-200x300.jpg 200w, https:\/\/abella.ro\/blog\/wp-content\/uploads\/2023\/02\/rochii-arginitii-150x225.jpg 150w\" sizes=\"auto, (max-width: 667px) 100vw, 667px\" \/><\/p>\n<p>Argintul este o culoare eleganta si rafinata pentru o rochie eleganta. O rochie argintie poate fi o alegere perfecta pentru o petrecere de Revelion sau pentru un eveniment formal de seara.<\/p>\n<p>Pentru a completa o rochie argintie, puteti incerca sa adaugati accesorii in culori neutre, cum ar fi negru sau alb. Aceste culori vor ajuta la accentuarea frumusetii culorii argintii si vor crea un aspect echilibrat si elegant.<\/p>\n<p><strong>Rochii Albastru inchis<\/strong><\/p>\n<p><img loading=\"lazy\" decoding=\"async\" class=\"aligncenter wp-image-28 size-large\" src=\"https:\/\/abella.ro\/blog\/wp-content\/uploads\/2023\/02\/rochii-bleumarin-683x1024.webp\" alt=\"rochie albastru inchis \" width=\"683\" height=\"1024\" srcset=\"https:\/\/abella.ro\/blog\/wp-content\/uploads\/2023\/02\/rochii-bleumarin-683x1024.webp 683w, https:\/\/abella.ro\/blog\/wp-content\/uploads\/2023\/02\/rochii-bleumarin-200x300.webp 200w, https:\/\/abella.ro\/blog\/wp-content\/uploads\/2023\/02\/rochii-bleumarin-768x1151.webp 768w, https:\/\/abella.ro\/blog\/wp-content\/uploads\/2023\/02\/rochii-bleumarin-1025x1536.webp 1025w, https:\/\/abella.ro\/blog\/wp-content\/uploads\/2023\/02\/rochii-bleumarin-150x225.webp 150w, https:\/\/abella.ro\/blog\/wp-content\/uploads\/2023\/02\/rochii-bleumarin.webp 1366w\" sizes=\"auto, (max-width: 683px) 100vw, 683px\" \/><\/p>\n<p>Albastrul inchis este o culoare sobra si eleganta pentru o rochie, perfecta pentru ocazii formale sau de afaceri. O rochie albastra inchisa poate fi usor de asortat cu diferite culori si accesorii si poate fi purtata in multe moduri diferite.<\/p>\n<p>\u00cen concluzie, exist\u0103 multe op\u021biuni de culori pentru rochiile elegante. Fie c\u0103 alege\u021bi culori puternice \u0219i \u00eendr\u0103zne\u021be sau culori pastelate delicate, alege\u021bi o culoare care s\u0103 v\u0103 reprezinte \u0219i care s\u0103 v\u0103 fac\u0103 s\u0103 v\u0103 sim\u021bi\u021bi \u00eencrez\u0103toare \u0219i frumoase.<\/p>\n","protected":false},"excerpt":{"rendered":"<p>Dac\u0103 e\u0219ti \u00een c\u0103utarea unei rochii elegante, alegerea culorii este un factor important. Culorile pot s\u0103 spun\u0103 multe despre personalitatea ta \u0219i pot influen\u021ba modul \u00een care e\u0219ti perceput\u0103. \u00cen plus, alegerea culorii potrivite poate s\u0103 fac\u0103 o mare diferen\u021b\u0103 \u00een felul \u00een care ar\u0103\u021bi \u0219i te sim\u021bi \u00een rochie. \u00cen acest articol, vom explora [&hellip;]<\/p>\n","protected":false},"author":1,"featured_media":18,"comment_status":"open","ping_status":"open","sticky":false,"template":"","format":"standard","meta":{"footnotes":""},"categories":[3],"tags":[4,6,5],"class_list":["post-17","post","type-post","status-publish","format-standard","has-post-thumbnail","hentry","category-idei","tag-culori-de-rochii","tag-culori-rochii-elegante","tag-rochii-elegante"],"yoast_head":"<!-- This site is optimized with the Yoast SEO plugin v27.5 - https:\/\/yoast.com\/product\/yoast-seo-wordpress\/ -->\n<title>Cele mai populare culori de rochii elegante in 2023 - Abella.ro<\/title>\n<meta name=\"robots\" content=\"index, follow, max-snippet:-1, max-image-preview:large, max-video-preview:-1\" \/>\n<link rel=\"canonical\" href=\"https:\/\/abella.ro\/blog\/culori-populare-rochii-elegante\/\" \/>\n<meta property=\"og:locale\" content=\"ro_RO\" \/>\n<meta property=\"og:type\" content=\"article\" \/>\n<meta property=\"og:title\" content=\"Cele mai populare culori de rochii elegante in 2023 - Abella.ro\" \/>\n<meta property=\"og:description\" content=\"Dac\u0103 e\u0219ti \u00een c\u0103utarea unei rochii elegante, alegerea culorii este un factor important. Culorile pot s\u0103 spun\u0103 multe despre personalitatea ta \u0219i pot influen\u021ba modul \u00een care e\u0219ti perceput\u0103. \u00cen plus, alegerea culorii potrivite poate s\u0103 fac\u0103 o mare diferen\u021b\u0103 \u00een felul \u00een care ar\u0103\u021bi \u0219i te sim\u021bi \u00een rochie. \u00cen acest articol, vom explora [&hellip;]\" \/>\n<meta property=\"og:url\" content=\"https:\/\/abella.ro\/blog\/culori-populare-rochii-elegante\/\" \/>\n<meta property=\"og:site_name\" content=\"Abella.ro\" \/>\n<meta property=\"article:published_time\" content=\"2023-02-16T08:23:22+00:00\" \/>\n<meta property=\"article:modified_time\" content=\"2023-02-16T10:06:23+00:00\" \/>\n<meta property=\"og:image\" content=\"https:\/\/abella.ro\/blog\/wp-content\/uploads\/2023\/02\/rochii-elegante-colorate.jpg\" \/>\n\t<meta property=\"og:image:width\" content=\"1200\" \/>\n\t<meta property=\"og:image:height\" content=\"675\" \/>\n\t<meta property=\"og:image:type\" content=\"image\/jpeg\" \/>\n<meta name=\"author\" content=\"Ioana\" \/>\n<meta name=\"twitter:card\" content=\"summary_large_image\" \/>\n<meta name=\"twitter:label1\" content=\"Scris de\" \/>\n\t<meta name=\"twitter:data1\" content=\"Ioana\" \/>\n\t<meta name=\"twitter:label2\" content=\"Timp estimat pentru citire\" \/>\n\t<meta name=\"twitter:data2\" content=\"5 minute\" \/>\n<script type=\"application\/ld+json\" class=\"yoast-schema-graph\">{\"@context\":\"https:\\\/\\\/schema.org\",\"@graph\":[{\"@type\":\"Article\",\"@id\":\"https:\\\/\\\/abella.ro\\\/blog\\\/culori-populare-rochii-elegante\\\/#article\",\"isPartOf\":{\"@id\":\"https:\\\/\\\/abella.ro\\\/blog\\\/culori-populare-rochii-elegante\\\/\"},\"author\":{\"name\":\"Ioana\",\"@id\":\"https:\\\/\\\/abella.ro\\\/blog\\\/#\\\/schema\\\/person\\\/58123f82c16640c4b9ef52150c2ca64f\"},\"headline\":\"Cele mai populare culori de rochii elegante in 2023\",\"datePublished\":\"2023-02-16T08:23:22+00:00\",\"dateModified\":\"2023-02-16T10:06:23+00:00\",\"mainEntityOfPage\":{\"@id\":\"https:\\\/\\\/abella.ro\\\/blog\\\/culori-populare-rochii-elegante\\\/\"},\"wordCount\":614,\"commentCount\":0,\"publisher\":{\"@id\":\"https:\\\/\\\/abella.ro\\\/blog\\\/#organization\"},\"image\":{\"@id\":\"https:\\\/\\\/abella.ro\\\/blog\\\/culori-populare-rochii-elegante\\\/#primaryimage\"},\"thumbnailUrl\":\"https:\\\/\\\/abella.ro\\\/blog\\\/wp-content\\\/uploads\\\/2023\\\/02\\\/rochii-elegante-colorate.jpg\",\"keywords\":[\"culori de rochii\",\"culori rochii elegante\",\"rochii elegante\"],\"articleSection\":[\"Idei\"],\"inLanguage\":\"ro-RO\",\"potentialAction\":[{\"@type\":\"CommentAction\",\"name\":\"Comment\",\"target\":[\"https:\\\/\\\/abella.ro\\\/blog\\\/culori-populare-rochii-elegante\\\/#respond\"]}]},{\"@type\":\"WebPage\",\"@id\":\"https:\\\/\\\/abella.ro\\\/blog\\\/culori-populare-rochii-elegante\\\/\",\"url\":\"https:\\\/\\\/abella.ro\\\/blog\\\/culori-populare-rochii-elegante\\\/\",\"name\":\"Cele mai populare culori de rochii elegante in 2023 - Abella.ro\",\"isPartOf\":{\"@id\":\"https:\\\/\\\/abella.ro\\\/blog\\\/#website\"},\"primaryImageOfPage\":{\"@id\":\"https:\\\/\\\/abella.ro\\\/blog\\\/culori-populare-rochii-elegante\\\/#primaryimage\"},\"image\":{\"@id\":\"https:\\\/\\\/abella.ro\\\/blog\\\/culori-populare-rochii-elegante\\\/#primaryimage\"},\"thumbnailUrl\":\"https:\\\/\\\/abella.ro\\\/blog\\\/wp-content\\\/uploads\\\/2023\\\/02\\\/rochii-elegante-colorate.jpg\",\"datePublished\":\"2023-02-16T08:23:22+00:00\",\"dateModified\":\"2023-02-16T10:06:23+00:00\",\"breadcrumb\":{\"@id\":\"https:\\\/\\\/abella.ro\\\/blog\\\/culori-populare-rochii-elegante\\\/#breadcrumb\"},\"inLanguage\":\"ro-RO\",\"potentialAction\":[{\"@type\":\"ReadAction\",\"target\":[\"https:\\\/\\\/abella.ro\\\/blog\\\/culori-populare-rochii-elegante\\\/\"]}]},{\"@type\":\"ImageObject\",\"inLanguage\":\"ro-RO\",\"@id\":\"https:\\\/\\\/abella.ro\\\/blog\\\/culori-populare-rochii-elegante\\\/#primaryimage\",\"url\":\"https:\\\/\\\/abella.ro\\\/blog\\\/wp-content\\\/uploads\\\/2023\\\/02\\\/rochii-elegante-colorate.jpg\",\"contentUrl\":\"https:\\\/\\\/abella.ro\\\/blog\\\/wp-content\\\/uploads\\\/2023\\\/02\\\/rochii-elegante-colorate.jpg\",\"width\":1200,\"height\":675},{\"@type\":\"BreadcrumbList\",\"@id\":\"https:\\\/\\\/abella.ro\\\/blog\\\/culori-populare-rochii-elegante\\\/#breadcrumb\",\"itemListElement\":[{\"@type\":\"ListItem\",\"position\":1,\"name\":\"Prima pagin\u0103\",\"item\":\"https:\\\/\\\/abella.ro\\\/blog\\\/\"},{\"@type\":\"ListItem\",\"position\":2,\"name\":\"Cele mai populare culori de rochii elegante in 2023\"}]},{\"@type\":\"WebSite\",\"@id\":\"https:\\\/\\\/abella.ro\\\/blog\\\/#website\",\"url\":\"https:\\\/\\\/abella.ro\\\/blog\\\/\",\"name\":\"Abella.ro\",\"description\":\"Blog Fashion\",\"publisher\":{\"@id\":\"https:\\\/\\\/abella.ro\\\/blog\\\/#organization\"},\"potentialAction\":[{\"@type\":\"SearchAction\",\"target\":{\"@type\":\"EntryPoint\",\"urlTemplate\":\"https:\\\/\\\/abella.ro\\\/blog\\\/?s={search_term_string}\"},\"query-input\":{\"@type\":\"PropertyValueSpecification\",\"valueRequired\":true,\"valueName\":\"search_term_string\"}}],\"inLanguage\":\"ro-RO\"},{\"@type\":\"Organization\",\"@id\":\"https:\\\/\\\/abella.ro\\\/blog\\\/#organization\",\"name\":\"Abella.ro\",\"url\":\"https:\\\/\\\/abella.ro\\\/blog\\\/\",\"logo\":{\"@type\":\"ImageObject\",\"inLanguage\":\"ro-RO\",\"@id\":\"https:\\\/\\\/abella.ro\\\/blog\\\/#\\\/schema\\\/logo\\\/image\\\/\",\"url\":\"https:\\\/\\\/abella.ro\\\/blog\\\/wp-content\\\/uploads\\\/2023\\\/02\\\/abella-logo.png\",\"contentUrl\":\"https:\\\/\\\/abella.ro\\\/blog\\\/wp-content\\\/uploads\\\/2023\\\/02\\\/abella-logo.png\",\"width\":190,\"height\":114,\"caption\":\"Abella.ro\"},\"image\":{\"@id\":\"https:\\\/\\\/abella.ro\\\/blog\\\/#\\\/schema\\\/logo\\\/image\\\/\"}},{\"@type\":\"Person\",\"@id\":\"https:\\\/\\\/abella.ro\\\/blog\\\/#\\\/schema\\\/person\\\/58123f82c16640c4b9ef52150c2ca64f\",\"name\":\"Ioana\",\"image\":{\"@type\":\"ImageObject\",\"inLanguage\":\"ro-RO\",\"@id\":\"https:\\\/\\\/secure.gravatar.com\\\/avatar\\\/8936b50e80d3907fb564464c73a64b31860b5f60095d18a44091828042476c61?s=96&d=mm&r=g\",\"url\":\"https:\\\/\\\/secure.gravatar.com\\\/avatar\\\/8936b50e80d3907fb564464c73a64b31860b5f60095d18a44091828042476c61?s=96&d=mm&r=g\",\"contentUrl\":\"https:\\\/\\\/secure.gravatar.com\\\/avatar\\\/8936b50e80d3907fb564464c73a64b31860b5f60095d18a44091828042476c61?s=96&d=mm&r=g\",\"caption\":\"Ioana\"},\"sameAs\":[\"https:\\\/\\\/abella.ro\\\/blog\"],\"url\":\"https:\\\/\\\/abella.ro\\\/blog\\\/author\\\/ioana\\\/\"}]}<\/script>\n<!-- \/ Yoast SEO plugin. -->","yoast_head_json":{"title":"Cele mai populare culori de rochii elegante in 2023 - Abella.ro","robots":{"index":"index","follow":"follow","max-snippet":"max-snippet:-1","max-image-preview":"max-image-preview:large","max-video-preview":"max-video-preview:-1"},"canonical":"https:\/\/abella.ro\/blog\/culori-populare-rochii-elegante\/","og_locale":"ro_RO","og_type":"article","og_title":"Cele mai populare culori de rochii elegante in 2023 - Abella.ro","og_description":"Dac\u0103 e\u0219ti \u00een c\u0103utarea unei rochii elegante, alegerea culorii este un factor important. Culorile pot s\u0103 spun\u0103 multe despre personalitatea ta \u0219i pot influen\u021ba modul \u00een care e\u0219ti perceput\u0103. \u00cen plus, alegerea culorii potrivite poate s\u0103 fac\u0103 o mare diferen\u021b\u0103 \u00een felul \u00een care ar\u0103\u021bi \u0219i te sim\u021bi \u00een rochie. \u00cen acest articol, vom explora [&hellip;]","og_url":"https:\/\/abella.ro\/blog\/culori-populare-rochii-elegante\/","og_site_name":"Abella.ro","article_published_time":"2023-02-16T08:23:22+00:00","article_modified_time":"2023-02-16T10:06:23+00:00","og_image":[{"width":1200,"height":675,"url":"https:\/\/abella.ro\/blog\/wp-content\/uploads\/2023\/02\/rochii-elegante-colorate.jpg","type":"image\/jpeg"}],"author":"Ioana","twitter_card":"summary_large_image","twitter_misc":{"Scris de":"Ioana","Timp estimat pentru citire":"5 minute"},"schema":{"@context":"https:\/\/schema.org","@graph":[{"@type":"Article","@id":"https:\/\/abella.ro\/blog\/culori-populare-rochii-elegante\/#article","isPartOf":{"@id":"https:\/\/abella.ro\/blog\/culori-populare-rochii-elegante\/"},"author":{"name":"Ioana","@id":"https:\/\/abella.ro\/blog\/#\/schema\/person\/58123f82c16640c4b9ef52150c2ca64f"},"headline":"Cele mai populare culori de rochii elegante in 2023","datePublished":"2023-02-16T08:23:22+00:00","dateModified":"2023-02-16T10:06:23+00:00","mainEntityOfPage":{"@id":"https:\/\/abella.ro\/blog\/culori-populare-rochii-elegante\/"},"wordCount":614,"commentCount":0,"publisher":{"@id":"https:\/\/abella.ro\/blog\/#organization"},"image":{"@id":"https:\/\/abella.ro\/blog\/culori-populare-rochii-elegante\/#primaryimage"},"thumbnailUrl":"https:\/\/abella.ro\/blog\/wp-content\/uploads\/2023\/02\/rochii-elegante-colorate.jpg","keywords":["culori de rochii","culori rochii elegante","rochii elegante"],"articleSection":["Idei"],"inLanguage":"ro-RO","potentialAction":[{"@type":"CommentAction","name":"Comment","target":["https:\/\/abella.ro\/blog\/culori-populare-rochii-elegante\/#respond"]}]},{"@type":"WebPage","@id":"https:\/\/abella.ro\/blog\/culori-populare-rochii-elegante\/","url":"https:\/\/abella.ro\/blog\/culori-populare-rochii-elegante\/","name":"Cele mai populare culori de rochii elegante in 2023 - Abella.ro","isPartOf":{"@id":"https:\/\/abella.ro\/blog\/#website"},"primaryImageOfPage":{"@id":"https:\/\/abella.ro\/blog\/culori-populare-rochii-elegante\/#primaryimage"},"image":{"@id":"https:\/\/abella.ro\/blog\/culori-populare-rochii-elegante\/#primaryimage"},"thumbnailUrl":"https:\/\/abella.ro\/blog\/wp-content\/uploads\/2023\/02\/rochii-elegante-colorate.jpg","datePublished":"2023-02-16T08:23:22+00:00","dateModified":"2023-02-16T10:06:23+00:00","breadcrumb":{"@id":"https:\/\/abella.ro\/blog\/culori-populare-rochii-elegante\/#breadcrumb"},"inLanguage":"ro-RO","potentialAction":[{"@type":"ReadAction","target":["https:\/\/abella.ro\/blog\/culori-populare-rochii-elegante\/"]}]},{"@type":"ImageObject","inLanguage":"ro-RO","@id":"https:\/\/abella.ro\/blog\/culori-populare-rochii-elegante\/#primaryimage","url":"https:\/\/abella.ro\/blog\/wp-content\/uploads\/2023\/02\/rochii-elegante-colorate.jpg","contentUrl":"https:\/\/abella.ro\/blog\/wp-content\/uploads\/2023\/02\/rochii-elegante-colorate.jpg","width":1200,"height":675},{"@type":"BreadcrumbList","@id":"https:\/\/abella.ro\/blog\/culori-populare-rochii-elegante\/#breadcrumb","itemListElement":[{"@type":"ListItem","position":1,"name":"Prima pagin\u0103","item":"https:\/\/abella.ro\/blog\/"},{"@type":"ListItem","position":2,"name":"Cele mai populare culori de rochii elegante in 2023"}]},{"@type":"WebSite","@id":"https:\/\/abella.ro\/blog\/#website","url":"https:\/\/abella.ro\/blog\/","name":"Abella.ro","description":"Blog Fashion","publisher":{"@id":"https:\/\/abella.ro\/blog\/#organization"},"potentialAction":[{"@type":"SearchAction","target":{"@type":"EntryPoint","urlTemplate":"https:\/\/abella.ro\/blog\/?s={search_term_string}"},"query-input":{"@type":"PropertyValueSpecification","valueRequired":true,"valueName":"search_term_string"}}],"inLanguage":"ro-RO"},{"@type":"Organization","@id":"https:\/\/abella.ro\/blog\/#organization","name":"Abella.ro","url":"https:\/\/abella.ro\/blog\/","logo":{"@type":"ImageObject","inLanguage":"ro-RO","@id":"https:\/\/abella.ro\/blog\/#\/schema\/logo\/image\/","url":"https:\/\/abella.ro\/blog\/wp-content\/uploads\/2023\/02\/abella-logo.png","contentUrl":"https:\/\/abella.ro\/blog\/wp-content\/uploads\/2023\/02\/abella-logo.png","width":190,"height":114,"caption":"Abella.ro"},"image":{"@id":"https:\/\/abella.ro\/blog\/#\/schema\/logo\/image\/"}},{"@type":"Person","@id":"https:\/\/abella.ro\/blog\/#\/schema\/person\/58123f82c16640c4b9ef52150c2ca64f","name":"Ioana","image":{"@type":"ImageObject","inLanguage":"ro-RO","@id":"https:\/\/secure.gravatar.com\/avatar\/8936b50e80d3907fb564464c73a64b31860b5f60095d18a44091828042476c61?s=96&d=mm&r=g","url":"https:\/\/secure.gravatar.com\/avatar\/8936b50e80d3907fb564464c73a64b31860b5f60095d18a44091828042476c61?s=96&d=mm&r=g","contentUrl":"https:\/\/secure.gravatar.com\/avatar\/8936b50e80d3907fb564464c73a64b31860b5f60095d18a44091828042476c61?s=96&d=mm&r=g","caption":"Ioana"},"sameAs":["https:\/\/abella.ro\/blog"],"url":"https:\/\/abella.ro\/blog\/author\/ioana\/"}]}},"amp_enabled":true,"_links":{"self":[{"href":"https:\/\/abella.ro\/blog\/wp-json\/wp\/v2\/posts\/17","targetHints":{"allow":["GET"]}}],"collection":[{"href":"https:\/\/abella.ro\/blog\/wp-json\/wp\/v2\/posts"}],"about":[{"href":"https:\/\/abella.ro\/blog\/wp-json\/wp\/v2\/types\/post"}],"author":[{"embeddable":true,"href":"https:\/\/abella.ro\/blog\/wp-json\/wp\/v2\/users\/1"}],"replies":[{"embeddable":true,"href":"https:\/\/abella.ro\/blog\/wp-json\/wp\/v2\/comments?post=17"}],"version-history":[{"count":4,"href":"https:\/\/abella.ro\/blog\/wp-json\/wp\/v2\/posts\/17\/revisions"}],"predecessor-version":[{"id":48,"href":"https:\/\/abella.ro\/blog\/wp-json\/wp\/v2\/posts\/17\/revisions\/48"}],"wp:featuredmedia":[{"embeddable":true,"href":"https:\/\/abella.ro\/blog\/wp-json\/wp\/v2\/media\/18"}],"wp:attachment":[{"href":"https:\/\/abella.ro\/blog\/wp-json\/wp\/v2\/media?parent=17"}],"wp:term":[{"taxonomy":"category","embeddable":true,"href":"https:\/\/abella.ro\/blog\/wp-json\/wp\/v2\/categories?post=17"},{"taxonomy":"post_tag","embeddable":true,"href":"https:\/\/abella.ro\/blog\/wp-json\/wp\/v2\/tags?post=17"}],"curies":[{"name":"wp","href":"https:\/\/api.w.org\/{rel}","templated":true}]}}