{"id":183,"date":"2024-04-17T06:01:46","date_gmt":"2024-04-17T06:01:46","guid":{"rendered":"https:\/\/abella.ro\/blog\/rochii-elegante-de-iarna-pentru-nunti-si-petreceri-festive\/"},"modified":"2024-04-17T06:01:46","modified_gmt":"2024-04-17T06:01:46","slug":"rochii-elegante-de-iarna-pentru-nunti-si-petreceri-festive","status":"publish","type":"post","link":"https:\/\/abella.ro\/blog\/rochii-elegante-de-iarna-pentru-nunti-si-petreceri-festive\/","title":{"rendered":"Rochii elegante de iarna pentru nunti si petreceri festive"},"content":{"rendered":"<p>Introducere:<br \/>\nSezonul rece este adesea asociat cu rochii de ocazie mai pu\u021bin extravagante, dar asta nu \u00eenseamn\u0103 c\u0103 trebuie s\u0103 renun\u021b\u0103m la elegan\u021b\u0103 \u0219i rafinament. \u00cen acest articol, vom explora c\u00e2teva op\u021biuni de rochii elegante de iarna pentru nunti \u0219i petreceri festive, care s\u0103 te ajute s\u0103 te sim\u021bi frumoas\u0103 \u0219i \u00eencrez\u0103toare \u00een orice ocazie. Indiferent dac\u0103 e\u0219ti mireas\u0103, domni\u0219oar\u0103 de onoare sau invitat\u0103, exist\u0103 o rochie perfect\u0103 pentru tine \u00een aceast\u0103 perioad\u0103 a anului.<\/p>\n<p>Rochii elegante de iarna pentru mirese:<br \/>\nPentru miresele care \u00ee\u0219i doresc o rochie elegant\u0103 \u0219i potrivit\u0103 pentru sezonul rece, exist\u0103 mai multe op\u021biuni. O rochie lung\u0103, cu m\u00e2neci lungi \u0219i un decolteu \u00een V poate fi o alegere excelent\u0103 pentru o nunt\u0103 de iarn\u0103. \u00cen plus, materialul poate fi \u0219i el un factor important, alege materiale ca m\u0103tasea sau catifeaua, care s\u0103 te \u021bin\u0103 c\u0103lduroas\u0103 \u0219i s\u0103 te fac\u0103 s\u0103 ar\u0103\u021bi uimitor. Pentru un look mai elegant, po\u021bi alege o rochie cu dantel\u0103 sau aplica\u021bii de cristale, care vor ad\u0103uga un plus de str\u0103lucire \u0219i glam la \u021binut\u0103.<\/p>\n<p>Rochii elegante de iarna pentru domni\u0219oare de onoare:<br \/>\nPentru domni\u0219oarele de onoare, rochiile elegante de iarn\u0103 pot fi o combina\u021bie perfect\u0103 \u00eentre confort \u0219i stil. O rochie lung\u0103, cu m\u00e2neci trei sferturi \u0219i o curea \u00een talie poate fi o alegere potrivit\u0103 pentru aceast\u0103 perioad\u0103 a anului. Dac\u0103 vrei s\u0103 adaugi un strop de culoare, po\u021bi opta pentru o rochie cu imprimeu floral sau cu paiete, care s\u0103 aduc\u0103 un plus de str\u0103lucire \u00een peisajul alb de iarn\u0103.<\/p>\n<p>Rochii elegante de iarna pentru invita\u021bi:<br \/>\nPentru invita\u021bi, alegerea unei rochii elegante de iarn\u0103 poate fi o provocare. Dar nu te descuraja, exist\u0103 multe op\u021biuni frumoase \u0219i potrivite pentru aceast\u0103 perioad\u0103 a anului. Po\u021bi alege o rochie midi, cu un decolteu \u00een V sau cu m\u00e2neci clopot, care s\u0103 te fac\u0103 s\u0103 ar\u0103\u021bi chic \u0219i sofisticat\u0103. Dac\u0103 vrei s\u0103 adaugi pu\u021bin\u0103 culoare, po\u021bi opta pentru o rochie cu imprimeu floral sau cu dungi colorate.<\/p>\n<p>De ce este important s\u0103 alegi o rochie elegant\u0103 de iarn\u0103:<br \/>\n\u00cen zilele reci de iarn\u0103, este esen\u021bial s\u0103 te \u00eembraci adecvat pentru a te sim\u021bi confortabil \u0219i a-\u021bi men\u021bine s\u0103n\u0103tatea. O rochie elegant\u0103 de iarn\u0103 nu numai c\u0103 te va face s\u0103 ar\u0103\u021bi bine, dar te va proteja \u0219i de frig. \u00cen plus, o \u021binut\u0103 adecvat\u0103 pentru sezonul rece va face ca momentele speciale precum nun\u021bi \u0219i petreceri festive s\u0103 fie \u0219i mai memorabile.<\/p>\n<p>\u00cen concluzie, rochiile elegante de iarn\u0103 pentru nunti \u0219i petreceri festive sunt o alegere excelent\u0103 pentru a te sim\u021bi \u00eencrez\u0103toare \u0219i frumoas\u0103 \u00een aceast\u0103 perioad\u0103 a anului. Indiferent de rolul t\u0103u \u00een cadrul evenimentului sau de preferin\u021bele tale de stil, exist\u0103 o rochie perfect\u0103 pentru tine. Nu uita s\u0103 alegi materiale \u0219i modele potrivite pentru sezonul rece \u0219i s\u0103 te bucuri de momentele speciale al\u0103turi de cei dragi.<\/p>\n","protected":false},"excerpt":{"rendered":"<p>Introducere: Sezonul rece este adesea asociat cu rochii de ocazie mai pu\u021bin extravagante, dar asta nu \u00eenseamn\u0103 c\u0103 trebuie s\u0103 renun\u021b\u0103m la elegan\u021b\u0103 \u0219i rafinament. \u00cen acest articol, vom explora c\u00e2teva op\u021biuni de rochii elegante de iarna pentru nunti \u0219i petreceri festive, care s\u0103 te ajute s\u0103 te sim\u021bi frumoas\u0103 \u0219i \u00eencrez\u0103toare \u00een orice ocazie. [&hellip;]<\/p>\n","protected":false},"author":1,"featured_media":0,"comment_status":"open","ping_status":"open","sticky":false,"template":"","format":"standard","meta":{"footnotes":""},"categories":[1],"tags":[],"class_list":["post-183","post","type-post","status-publish","format-standard","hentry","category-generale"],"yoast_head":"<!-- This site is optimized with the Yoast SEO plugin v27.5 - https:\/\/yoast.com\/product\/yoast-seo-wordpress\/ -->\n<title>Rochii elegante de iarna pentru nunti si petreceri festive - Abella.ro<\/title>\n<meta name=\"robots\" content=\"index, follow, max-snippet:-1, max-image-preview:large, max-video-preview:-1\" \/>\n<link rel=\"canonical\" href=\"https:\/\/abella.ro\/blog\/rochii-elegante-de-iarna-pentru-nunti-si-petreceri-festive\/\" \/>\n<meta property=\"og:locale\" content=\"ro_RO\" \/>\n<meta property=\"og:type\" content=\"article\" \/>\n<meta property=\"og:title\" content=\"Rochii elegante de iarna pentru nunti si petreceri festive - Abella.ro\" \/>\n<meta property=\"og:description\" content=\"Introducere: Sezonul rece este adesea asociat cu rochii de ocazie mai pu\u021bin extravagante, dar asta nu \u00eenseamn\u0103 c\u0103 trebuie s\u0103 renun\u021b\u0103m la elegan\u021b\u0103 \u0219i rafinament. \u00cen acest articol, vom explora c\u00e2teva op\u021biuni de rochii elegante de iarna pentru nunti \u0219i petreceri festive, care s\u0103 te ajute s\u0103 te sim\u021bi frumoas\u0103 \u0219i \u00eencrez\u0103toare \u00een orice ocazie. [&hellip;]\" \/>\n<meta property=\"og:url\" content=\"https:\/\/abella.ro\/blog\/rochii-elegante-de-iarna-pentru-nunti-si-petreceri-festive\/\" \/>\n<meta property=\"og:site_name\" content=\"Abella.ro\" \/>\n<meta property=\"article:published_time\" content=\"2024-04-17T06:01:46+00:00\" \/>\n<meta name=\"author\" content=\"Ioana\" \/>\n<meta name=\"twitter:card\" content=\"summary_large_image\" \/>\n<meta name=\"twitter:label1\" content=\"Scris de\" \/>\n\t<meta name=\"twitter:data1\" content=\"Ioana\" \/>\n\t<meta name=\"twitter:label2\" content=\"Timp estimat pentru citire\" \/>\n\t<meta name=\"twitter:data2\" content=\"3 minute\" \/>\n<script type=\"application\/ld+json\" class=\"yoast-schema-graph\">{\"@context\":\"https:\\\/\\\/schema.org\",\"@graph\":[{\"@type\":\"Article\",\"@id\":\"https:\\\/\\\/abella.ro\\\/blog\\\/rochii-elegante-de-iarna-pentru-nunti-si-petreceri-festive\\\/#article\",\"isPartOf\":{\"@id\":\"https:\\\/\\\/abella.ro\\\/blog\\\/rochii-elegante-de-iarna-pentru-nunti-si-petreceri-festive\\\/\"},\"author\":{\"name\":\"Ioana\",\"@id\":\"https:\\\/\\\/abella.ro\\\/blog\\\/#\\\/schema\\\/person\\\/58123f82c16640c4b9ef52150c2ca64f\"},\"headline\":\"Rochii elegante de iarna pentru nunti si petreceri festive\",\"datePublished\":\"2024-04-17T06:01:46+00:00\",\"mainEntityOfPage\":{\"@id\":\"https:\\\/\\\/abella.ro\\\/blog\\\/rochii-elegante-de-iarna-pentru-nunti-si-petreceri-festive\\\/\"},\"wordCount\":521,\"commentCount\":0,\"publisher\":{\"@id\":\"https:\\\/\\\/abella.ro\\\/blog\\\/#organization\"},\"articleSection\":[\"Generale\"],\"inLanguage\":\"ro-RO\",\"potentialAction\":[{\"@type\":\"CommentAction\",\"name\":\"Comment\",\"target\":[\"https:\\\/\\\/abella.ro\\\/blog\\\/rochii-elegante-de-iarna-pentru-nunti-si-petreceri-festive\\\/#respond\"]}]},{\"@type\":\"WebPage\",\"@id\":\"https:\\\/\\\/abella.ro\\\/blog\\\/rochii-elegante-de-iarna-pentru-nunti-si-petreceri-festive\\\/\",\"url\":\"https:\\\/\\\/abella.ro\\\/blog\\\/rochii-elegante-de-iarna-pentru-nunti-si-petreceri-festive\\\/\",\"name\":\"Rochii elegante de iarna pentru nunti si petreceri festive - Abella.ro\",\"isPartOf\":{\"@id\":\"https:\\\/\\\/abella.ro\\\/blog\\\/#website\"},\"datePublished\":\"2024-04-17T06:01:46+00:00\",\"breadcrumb\":{\"@id\":\"https:\\\/\\\/abella.ro\\\/blog\\\/rochii-elegante-de-iarna-pentru-nunti-si-petreceri-festive\\\/#breadcrumb\"},\"inLanguage\":\"ro-RO\",\"potentialAction\":[{\"@type\":\"ReadAction\",\"target\":[\"https:\\\/\\\/abella.ro\\\/blog\\\/rochii-elegante-de-iarna-pentru-nunti-si-petreceri-festive\\\/\"]}]},{\"@type\":\"BreadcrumbList\",\"@id\":\"https:\\\/\\\/abella.ro\\\/blog\\\/rochii-elegante-de-iarna-pentru-nunti-si-petreceri-festive\\\/#breadcrumb\",\"itemListElement\":[{\"@type\":\"ListItem\",\"position\":1,\"name\":\"Prima pagin\u0103\",\"item\":\"https:\\\/\\\/abella.ro\\\/blog\\\/\"},{\"@type\":\"ListItem\",\"position\":2,\"name\":\"Rochii elegante de iarna pentru nunti si petreceri festive\"}]},{\"@type\":\"WebSite\",\"@id\":\"https:\\\/\\\/abella.ro\\\/blog\\\/#website\",\"url\":\"https:\\\/\\\/abella.ro\\\/blog\\\/\",\"name\":\"Abella.ro\",\"description\":\"Blog Fashion\",\"publisher\":{\"@id\":\"https:\\\/\\\/abella.ro\\\/blog\\\/#organization\"},\"potentialAction\":[{\"@type\":\"SearchAction\",\"target\":{\"@type\":\"EntryPoint\",\"urlTemplate\":\"https:\\\/\\\/abella.ro\\\/blog\\\/?s={search_term_string}\"},\"query-input\":{\"@type\":\"PropertyValueSpecification\",\"valueRequired\":true,\"valueName\":\"search_term_string\"}}],\"inLanguage\":\"ro-RO\"},{\"@type\":\"Organization\",\"@id\":\"https:\\\/\\\/abella.ro\\\/blog\\\/#organization\",\"name\":\"Abella.ro\",\"url\":\"https:\\\/\\\/abella.ro\\\/blog\\\/\",\"logo\":{\"@type\":\"ImageObject\",\"inLanguage\":\"ro-RO\",\"@id\":\"https:\\\/\\\/abella.ro\\\/blog\\\/#\\\/schema\\\/logo\\\/image\\\/\",\"url\":\"https:\\\/\\\/abella.ro\\\/blog\\\/wp-content\\\/uploads\\\/2023\\\/02\\\/abella-logo.png\",\"contentUrl\":\"https:\\\/\\\/abella.ro\\\/blog\\\/wp-content\\\/uploads\\\/2023\\\/02\\\/abella-logo.png\",\"width\":190,\"height\":114,\"caption\":\"Abella.ro\"},\"image\":{\"@id\":\"https:\\\/\\\/abella.ro\\\/blog\\\/#\\\/schema\\\/logo\\\/image\\\/\"}},{\"@type\":\"Person\",\"@id\":\"https:\\\/\\\/abella.ro\\\/blog\\\/#\\\/schema\\\/person\\\/58123f82c16640c4b9ef52150c2ca64f\",\"name\":\"Ioana\",\"image\":{\"@type\":\"ImageObject\",\"inLanguage\":\"ro-RO\",\"@id\":\"https:\\\/\\\/secure.gravatar.com\\\/avatar\\\/8936b50e80d3907fb564464c73a64b31860b5f60095d18a44091828042476c61?s=96&d=mm&r=g\",\"url\":\"https:\\\/\\\/secure.gravatar.com\\\/avatar\\\/8936b50e80d3907fb564464c73a64b31860b5f60095d18a44091828042476c61?s=96&d=mm&r=g\",\"contentUrl\":\"https:\\\/\\\/secure.gravatar.com\\\/avatar\\\/8936b50e80d3907fb564464c73a64b31860b5f60095d18a44091828042476c61?s=96&d=mm&r=g\",\"caption\":\"Ioana\"},\"sameAs\":[\"https:\\\/\\\/abella.ro\\\/blog\"],\"url\":\"https:\\\/\\\/abella.ro\\\/blog\\\/author\\\/ioana\\\/\"}]}<\/script>\n<!-- \/ Yoast SEO plugin. -->","yoast_head_json":{"title":"Rochii elegante de iarna pentru nunti si petreceri festive - Abella.ro","robots":{"index":"index","follow":"follow","max-snippet":"max-snippet:-1","max-image-preview":"max-image-preview:large","max-video-preview":"max-video-preview:-1"},"canonical":"https:\/\/abella.ro\/blog\/rochii-elegante-de-iarna-pentru-nunti-si-petreceri-festive\/","og_locale":"ro_RO","og_type":"article","og_title":"Rochii elegante de iarna pentru nunti si petreceri festive - Abella.ro","og_description":"Introducere: Sezonul rece este adesea asociat cu rochii de ocazie mai pu\u021bin extravagante, dar asta nu \u00eenseamn\u0103 c\u0103 trebuie s\u0103 renun\u021b\u0103m la elegan\u021b\u0103 \u0219i rafinament. \u00cen acest articol, vom explora c\u00e2teva op\u021biuni de rochii elegante de iarna pentru nunti \u0219i petreceri festive, care s\u0103 te ajute s\u0103 te sim\u021bi frumoas\u0103 \u0219i \u00eencrez\u0103toare \u00een orice ocazie. [&hellip;]","og_url":"https:\/\/abella.ro\/blog\/rochii-elegante-de-iarna-pentru-nunti-si-petreceri-festive\/","og_site_name":"Abella.ro","article_published_time":"2024-04-17T06:01:46+00:00","author":"Ioana","twitter_card":"summary_large_image","twitter_misc":{"Scris de":"Ioana","Timp estimat pentru citire":"3 minute"},"schema":{"@context":"https:\/\/schema.org","@graph":[{"@type":"Article","@id":"https:\/\/abella.ro\/blog\/rochii-elegante-de-iarna-pentru-nunti-si-petreceri-festive\/#article","isPartOf":{"@id":"https:\/\/abella.ro\/blog\/rochii-elegante-de-iarna-pentru-nunti-si-petreceri-festive\/"},"author":{"name":"Ioana","@id":"https:\/\/abella.ro\/blog\/#\/schema\/person\/58123f82c16640c4b9ef52150c2ca64f"},"headline":"Rochii elegante de iarna pentru nunti si petreceri festive","datePublished":"2024-04-17T06:01:46+00:00","mainEntityOfPage":{"@id":"https:\/\/abella.ro\/blog\/rochii-elegante-de-iarna-pentru-nunti-si-petreceri-festive\/"},"wordCount":521,"commentCount":0,"publisher":{"@id":"https:\/\/abella.ro\/blog\/#organization"},"articleSection":["Generale"],"inLanguage":"ro-RO","potentialAction":[{"@type":"CommentAction","name":"Comment","target":["https:\/\/abella.ro\/blog\/rochii-elegante-de-iarna-pentru-nunti-si-petreceri-festive\/#respond"]}]},{"@type":"WebPage","@id":"https:\/\/abella.ro\/blog\/rochii-elegante-de-iarna-pentru-nunti-si-petreceri-festive\/","url":"https:\/\/abella.ro\/blog\/rochii-elegante-de-iarna-pentru-nunti-si-petreceri-festive\/","name":"Rochii elegante de iarna pentru nunti si petreceri festive - Abella.ro","isPartOf":{"@id":"https:\/\/abella.ro\/blog\/#website"},"datePublished":"2024-04-17T06:01:46+00:00","breadcrumb":{"@id":"https:\/\/abella.ro\/blog\/rochii-elegante-de-iarna-pentru-nunti-si-petreceri-festive\/#breadcrumb"},"inLanguage":"ro-RO","potentialAction":[{"@type":"ReadAction","target":["https:\/\/abella.ro\/blog\/rochii-elegante-de-iarna-pentru-nunti-si-petreceri-festive\/"]}]},{"@type":"BreadcrumbList","@id":"https:\/\/abella.ro\/blog\/rochii-elegante-de-iarna-pentru-nunti-si-petreceri-festive\/#breadcrumb","itemListElement":[{"@type":"ListItem","position":1,"name":"Prima pagin\u0103","item":"https:\/\/abella.ro\/blog\/"},{"@type":"ListItem","position":2,"name":"Rochii elegante de iarna pentru nunti si petreceri festive"}]},{"@type":"WebSite","@id":"https:\/\/abella.ro\/blog\/#website","url":"https:\/\/abella.ro\/blog\/","name":"Abella.ro","description":"Blog Fashion","publisher":{"@id":"https:\/\/abella.ro\/blog\/#organization"},"potentialAction":[{"@type":"SearchAction","target":{"@type":"EntryPoint","urlTemplate":"https:\/\/abella.ro\/blog\/?s={search_term_string}"},"query-input":{"@type":"PropertyValueSpecification","valueRequired":true,"valueName":"search_term_string"}}],"inLanguage":"ro-RO"},{"@type":"Organization","@id":"https:\/\/abella.ro\/blog\/#organization","name":"Abella.ro","url":"https:\/\/abella.ro\/blog\/","logo":{"@type":"ImageObject","inLanguage":"ro-RO","@id":"https:\/\/abella.ro\/blog\/#\/schema\/logo\/image\/","url":"https:\/\/abella.ro\/blog\/wp-content\/uploads\/2023\/02\/abella-logo.png","contentUrl":"https:\/\/abella.ro\/blog\/wp-content\/uploads\/2023\/02\/abella-logo.png","width":190,"height":114,"caption":"Abella.ro"},"image":{"@id":"https:\/\/abella.ro\/blog\/#\/schema\/logo\/image\/"}},{"@type":"Person","@id":"https:\/\/abella.ro\/blog\/#\/schema\/person\/58123f82c16640c4b9ef52150c2ca64f","name":"Ioana","image":{"@type":"ImageObject","inLanguage":"ro-RO","@id":"https:\/\/secure.gravatar.com\/avatar\/8936b50e80d3907fb564464c73a64b31860b5f60095d18a44091828042476c61?s=96&d=mm&r=g","url":"https:\/\/secure.gravatar.com\/avatar\/8936b50e80d3907fb564464c73a64b31860b5f60095d18a44091828042476c61?s=96&d=mm&r=g","contentUrl":"https:\/\/secure.gravatar.com\/avatar\/8936b50e80d3907fb564464c73a64b31860b5f60095d18a44091828042476c61?s=96&d=mm&r=g","caption":"Ioana"},"sameAs":["https:\/\/abella.ro\/blog"],"url":"https:\/\/abella.ro\/blog\/author\/ioana\/"}]}},"amp_enabled":true,"_links":{"self":[{"href":"https:\/\/abella.ro\/blog\/wp-json\/wp\/v2\/posts\/183","targetHints":{"allow":["GET"]}}],"collection":[{"href":"https:\/\/abella.ro\/blog\/wp-json\/wp\/v2\/posts"}],"about":[{"href":"https:\/\/abella.ro\/blog\/wp-json\/wp\/v2\/types\/post"}],"author":[{"embeddable":true,"href":"https:\/\/abella.ro\/blog\/wp-json\/wp\/v2\/users\/1"}],"replies":[{"embeddable":true,"href":"https:\/\/abella.ro\/blog\/wp-json\/wp\/v2\/comments?post=183"}],"version-history":[{"count":0,"href":"https:\/\/abella.ro\/blog\/wp-json\/wp\/v2\/posts\/183\/revisions"}],"wp:attachment":[{"href":"https:\/\/abella.ro\/blog\/wp-json\/wp\/v2\/media?parent=183"}],"wp:term":[{"taxonomy":"category","embeddable":true,"href":"https:\/\/abella.ro\/blog\/wp-json\/wp\/v2\/categories?post=183"},{"taxonomy":"post_tag","embeddable":true,"href":"https:\/\/abella.ro\/blog\/wp-json\/wp\/v2\/tags?post=183"}],"curies":[{"name":"wp","href":"https:\/\/api.w.org\/{rel}","templated":true}]}}