{"id":194,"date":"2024-04-17T06:04:10","date_gmt":"2024-04-17T06:04:10","guid":{"rendered":"https:\/\/abella.ro\/blog\/rochii-elegante-de-ocazie-pentru-petreceri-corporate-si-evenimente-mondene\/"},"modified":"2024-04-17T06:04:10","modified_gmt":"2024-04-17T06:04:10","slug":"rochii-elegante-de-ocazie-pentru-petreceri-corporate-si-evenimente-mondene","status":"publish","type":"post","link":"https:\/\/abella.ro\/blog\/rochii-elegante-de-ocazie-pentru-petreceri-corporate-si-evenimente-mondene\/","title":{"rendered":"Rochii elegante de ocazie pentru petreceri corporate si evenimente mondene"},"content":{"rendered":"<p>Introducere:<br \/>\nFie c\u0103 suntem angaja\u021bi \u00eentr-o companie sau avem afaceri proprii, petrecerile corporate \u0219i evenimentele mondene fac parte din via\u021ba noastr\u0103 profesional\u0103. Acestea sunt ocazii importante pentru a ne \u00eent\u00e2lni cu colegii \u0219i colaboratorii no\u0219tri, dar \u0219i pentru a ne face noi prieteni \u0219i conexiuni \u00een lumea afacerilor. De aceea, este esen\u021bial s\u0103 ne prezent\u0103m \u00eentr-o manier\u0103 elegant\u0103 \u0219i profesionist\u0103, iar alegerea unei rochii perfecte pentru astfel de evenimente este un aspect important. \u00cen acest articol, vom explora c\u00e2teva sfaturi utile \u0219i sugestii pentru a g\u0103si rochia perfect\u0103 pentru petrecerile corporate \u0219i evenimentele mondene.<\/p>\n<p>De ce este esen\u021bial s\u0103 alegi o rochie elegant\u0103 pentru astfel de ocazii?<br \/>\nAtunci c\u00e2nd particip\u0103m la petreceri corporate sau evenimente mondene, suntem reprezentan\u021bi ai companiei noastre sau afacerii noastre. Prin urmare, este important s\u0103 ne prezent\u0103m \u00eentr-un mod corespunz\u0103tor, cu o apari\u021bie elegant\u0103 \u0219i profesionist\u0103. \u00cen plus, astfel de evenimente pot fi o oportunitate excelent\u0103 pentru a face noi conexiuni \u0219i a ne promova afacerea. Prin urmare, alegerea unei rochii elegante \u0219i adecvate poate avea un impact pozitiv asupra imaginii noastre \u0219i a afacerii noastre.<\/p>\n<p>Sfaturi pentru alegerea rochiei perfecte:<br \/>\n1. Cunoa\u0219te-\u021bi forma corpului<br \/>\nFiecare persoan\u0103 are o form\u0103 unic\u0103 a corpului, astfel \u00eenc\u00e2t o rochie care se potrive\u0219te perfect unei persoane poate s\u0103 nu se potriveasc\u0103 deloc alteia. Este important s\u0103 cunoa\u0219tem forma corpului nostru \u0219i s\u0103 alegem o rochie care ne pune \u00een valoare silueta. De exemplu, o rochie \u00een stil A este potrivit\u0103 pentru persoanele cu forme mai pline, \u00een timp ce o rochie \u00een stil sirena este mai potrivit\u0103 pentru cele cu forme mai sub\u021biri.<\/p>\n<p>2. Alege o lungime adecvat\u0103<br \/>\nPentru petrecerile corporate \u0219i evenimentele mondene, este recomandat s\u0103 evit\u0103m rochiile prea scurte sau prea decoltate. O rochie p\u00e2n\u0103 la genunchi sau p\u00e2n\u0103 la jum\u0103tatea coapsei este o op\u021biune mai potrivit\u0103 pentru astfel de ocazii. Dac\u0103 preferi o rochie mai lung\u0103, po\u021bi opta pentru o rochie maxi elegant\u0103, care poate fi potrivit\u0103 pentru petrecerile corporate care au loc \u00eentr-un cadru mai formal.<\/p>\n<p>3. Alege o culoare potrivit\u0103<br \/>\nCuloarea rochiei este un aspect important de luat \u00een considerare. \u00cen general, pentru petrecerile corporate \u0219i evenimentele mondene, este recomandat s\u0103 alegem culori mai neutre \u0219i elegante, cum ar fi negru, bleumarin, bordo sau gri. Evit\u0103 culorile prea stridente sau imprimeurile prea \u00eendr\u0103zne\u021be, deoarece acestea pot s\u0103 nu fie adecvate pentru un mediu de afaceri.<\/p>\n<p>4. Alege un material bun<br \/>\nCalitatea materialului este un aspect esen\u021bial atunci c\u00e2nd alegem o rochie pentru astfel de ocazii. Un material de calitate superioar\u0103 va ar\u0103ta mai elegant \u0219i mai profesionist, iar rochia va avea o durat\u0103 de via\u021b\u0103 mai lung\u0103. Materialele precum m\u0103tasea, catifeaua sau dantela sunt op\u021biuni excelente pentru o rochie elegant\u0103 de ocazie.<\/p>\n<p>5. Accesorizeaz\u0103 strategic<br \/>\nAccesoriile pot transforma complet o rochie \u0219i pot ad\u0103uga un plus de elegan\u021b\u0103. Pentru petrecerile corporate \u0219i evenimentele mondene, este recomandat s\u0103 opt\u0103m pentru accesorii discrete, dar sofisticate. De exemplu, o pereche de cercei sub\u021biri \u0219i un inel elegant pot completa perfect o rochie simpl\u0103, f\u0103r\u0103 s\u0103 o fac\u0103 s\u0103 par\u0103 prea \u00eenc\u0103rcat\u0103.<\/p>\n<p>Concluzie:<br \/>\nAlegerea rochiei perfecte pentru petrecerile corporate \u0219i evenimentele mondene poate p\u0103rea o sarcin\u0103 dificil\u0103, dar cu aceste sfaturi \u0219i sugestii, vei putea g\u0103si cu u\u0219urin\u021b\u0103 o rochie elegant\u0103 \u0219i adecvat\u0103 pentru astfel de ocazii. Aminti\u021bi-v\u0103 c\u0103 este important s\u0103 v\u0103 sim\u021bi\u021bi confortabil \u0219i \u00eencrez\u0103tori \u00een rochia aleas\u0103, deoarece astfel ve\u021bi putea str\u0103luci \u0219i ve\u021bi face o impresie bun\u0103 \u00een lumea afacerilor.<\/p>\n","protected":false},"excerpt":{"rendered":"<p>Introducere: Fie c\u0103 suntem angaja\u021bi \u00eentr-o companie sau avem afaceri proprii, petrecerile corporate \u0219i evenimentele mondene fac parte din via\u021ba noastr\u0103 profesional\u0103. Acestea sunt ocazii importante pentru a ne \u00eent\u00e2lni cu colegii \u0219i colaboratorii no\u0219tri, dar \u0219i pentru a ne face noi prieteni \u0219i conexiuni \u00een lumea afacerilor. De aceea, este esen\u021bial s\u0103 ne prezent\u0103m [&hellip;]<\/p>\n","protected":false},"author":1,"featured_media":0,"comment_status":"open","ping_status":"open","sticky":false,"template":"","format":"standard","meta":{"footnotes":""},"categories":[1],"tags":[],"class_list":["post-194","post","type-post","status-publish","format-standard","hentry","category-generale"],"yoast_head":"<!-- This site is optimized with the Yoast SEO plugin v27.5 - https:\/\/yoast.com\/product\/yoast-seo-wordpress\/ -->\n<title>Rochii elegante de ocazie pentru petreceri corporate si evenimente mondene - Abella.ro<\/title>\n<meta name=\"robots\" content=\"index, follow, max-snippet:-1, max-image-preview:large, max-video-preview:-1\" \/>\n<link rel=\"canonical\" href=\"https:\/\/abella.ro\/blog\/rochii-elegante-de-ocazie-pentru-petreceri-corporate-si-evenimente-mondene\/\" \/>\n<meta property=\"og:locale\" content=\"ro_RO\" \/>\n<meta property=\"og:type\" content=\"article\" \/>\n<meta property=\"og:title\" content=\"Rochii elegante de ocazie pentru petreceri corporate si evenimente mondene - Abella.ro\" \/>\n<meta property=\"og:description\" content=\"Introducere: Fie c\u0103 suntem angaja\u021bi \u00eentr-o companie sau avem afaceri proprii, petrecerile corporate \u0219i evenimentele mondene fac parte din via\u021ba noastr\u0103 profesional\u0103. Acestea sunt ocazii importante pentru a ne \u00eent\u00e2lni cu colegii \u0219i colaboratorii no\u0219tri, dar \u0219i pentru a ne face noi prieteni \u0219i conexiuni \u00een lumea afacerilor. De aceea, este esen\u021bial s\u0103 ne prezent\u0103m [&hellip;]\" \/>\n<meta property=\"og:url\" content=\"https:\/\/abella.ro\/blog\/rochii-elegante-de-ocazie-pentru-petreceri-corporate-si-evenimente-mondene\/\" \/>\n<meta property=\"og:site_name\" content=\"Abella.ro\" \/>\n<meta property=\"article:published_time\" content=\"2024-04-17T06:04:10+00:00\" \/>\n<meta name=\"author\" content=\"Ioana\" \/>\n<meta name=\"twitter:card\" content=\"summary_large_image\" \/>\n<meta name=\"twitter:label1\" content=\"Scris de\" \/>\n\t<meta name=\"twitter:data1\" content=\"Ioana\" \/>\n\t<meta name=\"twitter:label2\" content=\"Timp estimat pentru citire\" \/>\n\t<meta name=\"twitter:data2\" content=\"3 minute\" \/>\n<script type=\"application\/ld+json\" class=\"yoast-schema-graph\">{\"@context\":\"https:\\\/\\\/schema.org\",\"@graph\":[{\"@type\":\"Article\",\"@id\":\"https:\\\/\\\/abella.ro\\\/blog\\\/rochii-elegante-de-ocazie-pentru-petreceri-corporate-si-evenimente-mondene\\\/#article\",\"isPartOf\":{\"@id\":\"https:\\\/\\\/abella.ro\\\/blog\\\/rochii-elegante-de-ocazie-pentru-petreceri-corporate-si-evenimente-mondene\\\/\"},\"author\":{\"name\":\"Ioana\",\"@id\":\"https:\\\/\\\/abella.ro\\\/blog\\\/#\\\/schema\\\/person\\\/58123f82c16640c4b9ef52150c2ca64f\"},\"headline\":\"Rochii elegante de ocazie pentru petreceri corporate si evenimente mondene\",\"datePublished\":\"2024-04-17T06:04:10+00:00\",\"mainEntityOfPage\":{\"@id\":\"https:\\\/\\\/abella.ro\\\/blog\\\/rochii-elegante-de-ocazie-pentru-petreceri-corporate-si-evenimente-mondene\\\/\"},\"wordCount\":620,\"commentCount\":0,\"publisher\":{\"@id\":\"https:\\\/\\\/abella.ro\\\/blog\\\/#organization\"},\"articleSection\":[\"Generale\"],\"inLanguage\":\"ro-RO\",\"potentialAction\":[{\"@type\":\"CommentAction\",\"name\":\"Comment\",\"target\":[\"https:\\\/\\\/abella.ro\\\/blog\\\/rochii-elegante-de-ocazie-pentru-petreceri-corporate-si-evenimente-mondene\\\/#respond\"]}]},{\"@type\":\"WebPage\",\"@id\":\"https:\\\/\\\/abella.ro\\\/blog\\\/rochii-elegante-de-ocazie-pentru-petreceri-corporate-si-evenimente-mondene\\\/\",\"url\":\"https:\\\/\\\/abella.ro\\\/blog\\\/rochii-elegante-de-ocazie-pentru-petreceri-corporate-si-evenimente-mondene\\\/\",\"name\":\"Rochii elegante de ocazie pentru petreceri corporate si evenimente mondene - Abella.ro\",\"isPartOf\":{\"@id\":\"https:\\\/\\\/abella.ro\\\/blog\\\/#website\"},\"datePublished\":\"2024-04-17T06:04:10+00:00\",\"breadcrumb\":{\"@id\":\"https:\\\/\\\/abella.ro\\\/blog\\\/rochii-elegante-de-ocazie-pentru-petreceri-corporate-si-evenimente-mondene\\\/#breadcrumb\"},\"inLanguage\":\"ro-RO\",\"potentialAction\":[{\"@type\":\"ReadAction\",\"target\":[\"https:\\\/\\\/abella.ro\\\/blog\\\/rochii-elegante-de-ocazie-pentru-petreceri-corporate-si-evenimente-mondene\\\/\"]}]},{\"@type\":\"BreadcrumbList\",\"@id\":\"https:\\\/\\\/abella.ro\\\/blog\\\/rochii-elegante-de-ocazie-pentru-petreceri-corporate-si-evenimente-mondene\\\/#breadcrumb\",\"itemListElement\":[{\"@type\":\"ListItem\",\"position\":1,\"name\":\"Prima pagin\u0103\",\"item\":\"https:\\\/\\\/abella.ro\\\/blog\\\/\"},{\"@type\":\"ListItem\",\"position\":2,\"name\":\"Rochii elegante de ocazie pentru petreceri corporate si evenimente mondene\"}]},{\"@type\":\"WebSite\",\"@id\":\"https:\\\/\\\/abella.ro\\\/blog\\\/#website\",\"url\":\"https:\\\/\\\/abella.ro\\\/blog\\\/\",\"name\":\"Abella.ro\",\"description\":\"Blog Fashion\",\"publisher\":{\"@id\":\"https:\\\/\\\/abella.ro\\\/blog\\\/#organization\"},\"potentialAction\":[{\"@type\":\"SearchAction\",\"target\":{\"@type\":\"EntryPoint\",\"urlTemplate\":\"https:\\\/\\\/abella.ro\\\/blog\\\/?s={search_term_string}\"},\"query-input\":{\"@type\":\"PropertyValueSpecification\",\"valueRequired\":true,\"valueName\":\"search_term_string\"}}],\"inLanguage\":\"ro-RO\"},{\"@type\":\"Organization\",\"@id\":\"https:\\\/\\\/abella.ro\\\/blog\\\/#organization\",\"name\":\"Abella.ro\",\"url\":\"https:\\\/\\\/abella.ro\\\/blog\\\/\",\"logo\":{\"@type\":\"ImageObject\",\"inLanguage\":\"ro-RO\",\"@id\":\"https:\\\/\\\/abella.ro\\\/blog\\\/#\\\/schema\\\/logo\\\/image\\\/\",\"url\":\"https:\\\/\\\/abella.ro\\\/blog\\\/wp-content\\\/uploads\\\/2023\\\/02\\\/abella-logo.png\",\"contentUrl\":\"https:\\\/\\\/abella.ro\\\/blog\\\/wp-content\\\/uploads\\\/2023\\\/02\\\/abella-logo.png\",\"width\":190,\"height\":114,\"caption\":\"Abella.ro\"},\"image\":{\"@id\":\"https:\\\/\\\/abella.ro\\\/blog\\\/#\\\/schema\\\/logo\\\/image\\\/\"}},{\"@type\":\"Person\",\"@id\":\"https:\\\/\\\/abella.ro\\\/blog\\\/#\\\/schema\\\/person\\\/58123f82c16640c4b9ef52150c2ca64f\",\"name\":\"Ioana\",\"image\":{\"@type\":\"ImageObject\",\"inLanguage\":\"ro-RO\",\"@id\":\"https:\\\/\\\/secure.gravatar.com\\\/avatar\\\/8936b50e80d3907fb564464c73a64b31860b5f60095d18a44091828042476c61?s=96&d=mm&r=g\",\"url\":\"https:\\\/\\\/secure.gravatar.com\\\/avatar\\\/8936b50e80d3907fb564464c73a64b31860b5f60095d18a44091828042476c61?s=96&d=mm&r=g\",\"contentUrl\":\"https:\\\/\\\/secure.gravatar.com\\\/avatar\\\/8936b50e80d3907fb564464c73a64b31860b5f60095d18a44091828042476c61?s=96&d=mm&r=g\",\"caption\":\"Ioana\"},\"sameAs\":[\"https:\\\/\\\/abella.ro\\\/blog\"],\"url\":\"https:\\\/\\\/abella.ro\\\/blog\\\/author\\\/ioana\\\/\"}]}<\/script>\n<!-- \/ Yoast SEO plugin. -->","yoast_head_json":{"title":"Rochii elegante de ocazie pentru petreceri corporate si evenimente mondene - Abella.ro","robots":{"index":"index","follow":"follow","max-snippet":"max-snippet:-1","max-image-preview":"max-image-preview:large","max-video-preview":"max-video-preview:-1"},"canonical":"https:\/\/abella.ro\/blog\/rochii-elegante-de-ocazie-pentru-petreceri-corporate-si-evenimente-mondene\/","og_locale":"ro_RO","og_type":"article","og_title":"Rochii elegante de ocazie pentru petreceri corporate si evenimente mondene - Abella.ro","og_description":"Introducere: Fie c\u0103 suntem angaja\u021bi \u00eentr-o companie sau avem afaceri proprii, petrecerile corporate \u0219i evenimentele mondene fac parte din via\u021ba noastr\u0103 profesional\u0103. Acestea sunt ocazii importante pentru a ne \u00eent\u00e2lni cu colegii \u0219i colaboratorii no\u0219tri, dar \u0219i pentru a ne face noi prieteni \u0219i conexiuni \u00een lumea afacerilor. De aceea, este esen\u021bial s\u0103 ne prezent\u0103m [&hellip;]","og_url":"https:\/\/abella.ro\/blog\/rochii-elegante-de-ocazie-pentru-petreceri-corporate-si-evenimente-mondene\/","og_site_name":"Abella.ro","article_published_time":"2024-04-17T06:04:10+00:00","author":"Ioana","twitter_card":"summary_large_image","twitter_misc":{"Scris de":"Ioana","Timp estimat pentru citire":"3 minute"},"schema":{"@context":"https:\/\/schema.org","@graph":[{"@type":"Article","@id":"https:\/\/abella.ro\/blog\/rochii-elegante-de-ocazie-pentru-petreceri-corporate-si-evenimente-mondene\/#article","isPartOf":{"@id":"https:\/\/abella.ro\/blog\/rochii-elegante-de-ocazie-pentru-petreceri-corporate-si-evenimente-mondene\/"},"author":{"name":"Ioana","@id":"https:\/\/abella.ro\/blog\/#\/schema\/person\/58123f82c16640c4b9ef52150c2ca64f"},"headline":"Rochii elegante de ocazie pentru petreceri corporate si evenimente mondene","datePublished":"2024-04-17T06:04:10+00:00","mainEntityOfPage":{"@id":"https:\/\/abella.ro\/blog\/rochii-elegante-de-ocazie-pentru-petreceri-corporate-si-evenimente-mondene\/"},"wordCount":620,"commentCount":0,"publisher":{"@id":"https:\/\/abella.ro\/blog\/#organization"},"articleSection":["Generale"],"inLanguage":"ro-RO","potentialAction":[{"@type":"CommentAction","name":"Comment","target":["https:\/\/abella.ro\/blog\/rochii-elegante-de-ocazie-pentru-petreceri-corporate-si-evenimente-mondene\/#respond"]}]},{"@type":"WebPage","@id":"https:\/\/abella.ro\/blog\/rochii-elegante-de-ocazie-pentru-petreceri-corporate-si-evenimente-mondene\/","url":"https:\/\/abella.ro\/blog\/rochii-elegante-de-ocazie-pentru-petreceri-corporate-si-evenimente-mondene\/","name":"Rochii elegante de ocazie pentru petreceri corporate si evenimente mondene - Abella.ro","isPartOf":{"@id":"https:\/\/abella.ro\/blog\/#website"},"datePublished":"2024-04-17T06:04:10+00:00","breadcrumb":{"@id":"https:\/\/abella.ro\/blog\/rochii-elegante-de-ocazie-pentru-petreceri-corporate-si-evenimente-mondene\/#breadcrumb"},"inLanguage":"ro-RO","potentialAction":[{"@type":"ReadAction","target":["https:\/\/abella.ro\/blog\/rochii-elegante-de-ocazie-pentru-petreceri-corporate-si-evenimente-mondene\/"]}]},{"@type":"BreadcrumbList","@id":"https:\/\/abella.ro\/blog\/rochii-elegante-de-ocazie-pentru-petreceri-corporate-si-evenimente-mondene\/#breadcrumb","itemListElement":[{"@type":"ListItem","position":1,"name":"Prima pagin\u0103","item":"https:\/\/abella.ro\/blog\/"},{"@type":"ListItem","position":2,"name":"Rochii elegante de ocazie pentru petreceri corporate si evenimente mondene"}]},{"@type":"WebSite","@id":"https:\/\/abella.ro\/blog\/#website","url":"https:\/\/abella.ro\/blog\/","name":"Abella.ro","description":"Blog Fashion","publisher":{"@id":"https:\/\/abella.ro\/blog\/#organization"},"potentialAction":[{"@type":"SearchAction","target":{"@type":"EntryPoint","urlTemplate":"https:\/\/abella.ro\/blog\/?s={search_term_string}"},"query-input":{"@type":"PropertyValueSpecification","valueRequired":true,"valueName":"search_term_string"}}],"inLanguage":"ro-RO"},{"@type":"Organization","@id":"https:\/\/abella.ro\/blog\/#organization","name":"Abella.ro","url":"https:\/\/abella.ro\/blog\/","logo":{"@type":"ImageObject","inLanguage":"ro-RO","@id":"https:\/\/abella.ro\/blog\/#\/schema\/logo\/image\/","url":"https:\/\/abella.ro\/blog\/wp-content\/uploads\/2023\/02\/abella-logo.png","contentUrl":"https:\/\/abella.ro\/blog\/wp-content\/uploads\/2023\/02\/abella-logo.png","width":190,"height":114,"caption":"Abella.ro"},"image":{"@id":"https:\/\/abella.ro\/blog\/#\/schema\/logo\/image\/"}},{"@type":"Person","@id":"https:\/\/abella.ro\/blog\/#\/schema\/person\/58123f82c16640c4b9ef52150c2ca64f","name":"Ioana","image":{"@type":"ImageObject","inLanguage":"ro-RO","@id":"https:\/\/secure.gravatar.com\/avatar\/8936b50e80d3907fb564464c73a64b31860b5f60095d18a44091828042476c61?s=96&d=mm&r=g","url":"https:\/\/secure.gravatar.com\/avatar\/8936b50e80d3907fb564464c73a64b31860b5f60095d18a44091828042476c61?s=96&d=mm&r=g","contentUrl":"https:\/\/secure.gravatar.com\/avatar\/8936b50e80d3907fb564464c73a64b31860b5f60095d18a44091828042476c61?s=96&d=mm&r=g","caption":"Ioana"},"sameAs":["https:\/\/abella.ro\/blog"],"url":"https:\/\/abella.ro\/blog\/author\/ioana\/"}]}},"amp_enabled":true,"_links":{"self":[{"href":"https:\/\/abella.ro\/blog\/wp-json\/wp\/v2\/posts\/194","targetHints":{"allow":["GET"]}}],"collection":[{"href":"https:\/\/abella.ro\/blog\/wp-json\/wp\/v2\/posts"}],"about":[{"href":"https:\/\/abella.ro\/blog\/wp-json\/wp\/v2\/types\/post"}],"author":[{"embeddable":true,"href":"https:\/\/abella.ro\/blog\/wp-json\/wp\/v2\/users\/1"}],"replies":[{"embeddable":true,"href":"https:\/\/abella.ro\/blog\/wp-json\/wp\/v2\/comments?post=194"}],"version-history":[{"count":0,"href":"https:\/\/abella.ro\/blog\/wp-json\/wp\/v2\/posts\/194\/revisions"}],"wp:attachment":[{"href":"https:\/\/abella.ro\/blog\/wp-json\/wp\/v2\/media?parent=194"}],"wp:term":[{"taxonomy":"category","embeddable":true,"href":"https:\/\/abella.ro\/blog\/wp-json\/wp\/v2\/categories?post=194"},{"taxonomy":"post_tag","embeddable":true,"href":"https:\/\/abella.ro\/blog\/wp-json\/wp\/v2\/tags?post=194"}],"curies":[{"name":"wp","href":"https:\/\/api.w.org\/{rel}","templated":true}]}}