{"id":212,"date":"2024-04-17T06:10:23","date_gmt":"2024-04-17T06:10:23","guid":{"rendered":"https:\/\/abella.ro\/blog\/rochii-elegante-de-iarna-pentru-evenimente-in-interior-si-escapade-in-oras\/"},"modified":"2024-04-17T06:10:23","modified_gmt":"2024-04-17T06:10:23","slug":"rochii-elegante-de-iarna-pentru-evenimente-in-interior-si-escapade-in-oras","status":"publish","type":"post","link":"https:\/\/abella.ro\/blog\/rochii-elegante-de-iarna-pentru-evenimente-in-interior-si-escapade-in-oras\/","title":{"rendered":"Rochii elegante de iarna pentru evenimente in interior si escapade in oras"},"content":{"rendered":"<p>Rochiile elegante de iarn\u0103 sunt o alegere perfect\u0103 pentru evenimentele din interior \u0219i pentru escapadele \u00een ora\u0219, ad\u0103ug\u00e2nd un plus de rafinament \u0219i elegan\u021b\u0103 \u00een \u021binuta ta. \u00cen acest articol, vom explora de ce este esen\u021bial s\u0103 ai c\u00e2teva rochii elegante de iarn\u0103 \u00een garderoba ta \u0219i cum s\u0103 le alegi pentru a te sim\u021bi confortabil \u0219i \u00een acela\u0219i timp, la mod\u0103.<\/p>\n<p>Introducere<br \/>\nC\u00e2nd vine vorba de \u00eembr\u0103c\u0103minte de iarn\u0103, mul\u021bi se g\u00e2ndesc la haine groase \u0219i p\u0103turoase, care nu las\u0103 loc de elegan\u021b\u0103 \u0219i stil. Cu toate acestea, rochiile elegante de iarn\u0103 sunt o op\u021biune perfect\u0103 pentru a ar\u0103ta impecabil \u0219i a te sim\u021bi confortabil \u00een timpul sezonului rece. Indiferent dac\u0103 mergi la un eveniment formal sau vrei s\u0103 te plimbi prin ora\u0219, o rochie elegant\u0103 de iarn\u0103 poate fi alegerea perfect\u0103 pentru a te face s\u0103 te sim\u021bi \u00eencrez\u0103toare \u0219i fermec\u0103toare.<\/p>\n<p>De ce este esen\u021bial s\u0103 ai c\u00e2teva rochii elegante de iarn\u0103 \u00een garderoba ta?<br \/>\n1. Versatilitatea lor<br \/>\nRochiile elegante de iarn\u0103 sunt foarte versatile \u0219i pot fi purtate la o varietate de evenimente \u0219i ocazii. Po\u021bi alege o rochie cu m\u00e2neci lungi pentru a te men\u021bine c\u0103lduroas\u0103 \u00een timpul zilelor reci sau po\u021bi opta pentru o rochie cu m\u00e2neci scurte \u0219i s\u0103 o combini cu o jachet\u0103 elegant\u0103 pentru a crea un look sofisticat.<\/p>\n<p>2. Comoditate<br \/>\n\u00cen compara\u021bie cu alte piese de \u00eembr\u0103c\u0103minte, rochiile sunt foarte comode \u0219i u\u0219or de purtat. Nu trebuie s\u0103 te \u00eengrijorezi c\u0103 rochia ta se va scutura sau c\u0103 va trebui s\u0103 o ajustezi constant. Odat\u0103 ce \u00ee\u021bi g\u0103se\u0219ti m\u0103rimea potrivit\u0103, po\u021bi fi sigur\u0103 c\u0103 vei fi confortabil\u0103 \u00een timpul evenimentelor sau plimb\u0103rilor tale \u00een ora\u0219.<\/p>\n<p>3. Stilul elegant<br \/>\nRochiile elegante de iarn\u0103 adaug\u0103 un plus de elegan\u021b\u0103 \u0219i stil oric\u0103rei \u021binute. Indiferent de modelul sau culoarea aleas\u0103, o rochie elegant\u0103 va \u00eentotdeauna s\u0103 te scoat\u0103 \u00een eviden\u021b\u0103 \u0219i s\u0103 \u00ee\u021bi ofere un look deosebit. Po\u021bi opta pentru un model clasic, cum ar fi rochia neagr\u0103, sau po\u021bi alege una cu un imprimeu interesant, pentru a aduce un strop de culoare \u00een \u021binuta ta.<\/p>\n<p>Cum s\u0103 alegi rochiile elegante de iarn\u0103 potrivite?<br \/>\n1. M\u0103rimi \u0219i croieli<br \/>\nEste important s\u0103 alegi o rochie care se potrive\u0219te perfect cu forma corpului t\u0103u. Dac\u0103 e\u0219ti \u00eenalt\u0103, po\u021bi opta pentru rochii mai lungi, care s\u0103 \u00ee\u021bi flateze silueta. Dac\u0103 e\u0219ti mai mic\u0103 de statur\u0103, o rochie scurt\u0103 poate fi o alegere mai bun\u0103. \u00cen plus, po\u021bi alege o rochie cu talie \u00eenalt\u0103, care s\u0103 creeze iluzia de \u00een\u0103l\u021bime.<\/p>\n<p>2. Materialele<br \/>\nPentru a te men\u021bine c\u0103lduroas\u0103 \u00een timpul sezonului rece, este important s\u0103 alegi materiale de calitate, cum ar fi l\u00e2na, casmirul sau mohairul. Acestea nu doar c\u0103 \u00ee\u021bi vor \u021bine de cald, dar \u0219i \u00ee\u021bi vor oferi un look elegant \u0219i sofisticat.<\/p>\n<p>3. Culorile<br \/>\n\u00cen timpul iernii, culorile \u00eenchise sunt mai populare, dar po\u021bi alege \u0219i culori mai vii \u0219i mai \u00eendr\u0103zne\u021be pentru a aduce un plus de energie \u00een \u021binuta ta. De asemenea, po\u021bi opta pentru culori metalice, care vor ad\u0103uga un strop de glamour \u00een \u021binuta ta.<\/p>\n<p>\u00cen concluzie, rochiile elegante de iarn\u0103 sunt o alegere excelent\u0103 pentru evenimentele din interior \u0219i pentru escapadele \u00een ora\u0219. Acestea sunt versatile, comode \u0219i adaug\u0103 un plus de elegan\u021b\u0103 \u0219i stil, iar cu ajutorul acestui articol, po\u021bi alege rochiile potrivite pentru a te sim\u021bi \u00eencrez\u0103toare \u0219i fermec\u0103toare \u00een timpul sezonului rece. Indiferent de alegerea ta, asigur\u0103-te c\u0103 te sim\u021bi confortabil \u0219i \u00eencrez\u0103toare \u00een \u021binuta ta, deoarece asta este ceea ce conteaz\u0103 cu adev\u0103rat.<\/p>\n","protected":false},"excerpt":{"rendered":"<p>Rochiile elegante de iarn\u0103 sunt o alegere perfect\u0103 pentru evenimentele din interior \u0219i pentru escapadele \u00een ora\u0219, ad\u0103ug\u00e2nd un plus de rafinament \u0219i elegan\u021b\u0103 \u00een \u021binuta ta. \u00cen acest articol, vom explora de ce este esen\u021bial s\u0103 ai c\u00e2teva rochii elegante de iarn\u0103 \u00een garderoba ta \u0219i cum s\u0103 le alegi pentru a te sim\u021bi [&hellip;]<\/p>\n","protected":false},"author":1,"featured_media":0,"comment_status":"open","ping_status":"open","sticky":false,"template":"","format":"standard","meta":{"footnotes":""},"categories":[1],"tags":[],"class_list":["post-212","post","type-post","status-publish","format-standard","hentry","category-generale"],"yoast_head":"<!-- This site is optimized with the Yoast SEO plugin v27.5 - https:\/\/yoast.com\/product\/yoast-seo-wordpress\/ -->\n<title>Rochii elegante de iarna pentru evenimente in interior si escapade in oras - Abella.ro<\/title>\n<meta name=\"robots\" content=\"index, follow, max-snippet:-1, max-image-preview:large, max-video-preview:-1\" \/>\n<link rel=\"canonical\" href=\"https:\/\/abella.ro\/blog\/rochii-elegante-de-iarna-pentru-evenimente-in-interior-si-escapade-in-oras\/\" \/>\n<meta property=\"og:locale\" content=\"ro_RO\" \/>\n<meta property=\"og:type\" content=\"article\" \/>\n<meta property=\"og:title\" content=\"Rochii elegante de iarna pentru evenimente in interior si escapade in oras - Abella.ro\" \/>\n<meta property=\"og:description\" content=\"Rochiile elegante de iarn\u0103 sunt o alegere perfect\u0103 pentru evenimentele din interior \u0219i pentru escapadele \u00een ora\u0219, ad\u0103ug\u00e2nd un plus de rafinament \u0219i elegan\u021b\u0103 \u00een \u021binuta ta. \u00cen acest articol, vom explora de ce este esen\u021bial s\u0103 ai c\u00e2teva rochii elegante de iarn\u0103 \u00een garderoba ta \u0219i cum s\u0103 le alegi pentru a te sim\u021bi [&hellip;]\" \/>\n<meta property=\"og:url\" content=\"https:\/\/abella.ro\/blog\/rochii-elegante-de-iarna-pentru-evenimente-in-interior-si-escapade-in-oras\/\" \/>\n<meta property=\"og:site_name\" content=\"Abella.ro\" \/>\n<meta property=\"article:published_time\" content=\"2024-04-17T06:10:23+00:00\" \/>\n<meta name=\"author\" content=\"Ioana\" \/>\n<meta name=\"twitter:card\" content=\"summary_large_image\" \/>\n<meta name=\"twitter:label1\" content=\"Scris de\" \/>\n\t<meta name=\"twitter:data1\" content=\"Ioana\" \/>\n\t<meta name=\"twitter:label2\" content=\"Timp estimat pentru citire\" \/>\n\t<meta name=\"twitter:data2\" content=\"3 minute\" \/>\n<script type=\"application\/ld+json\" class=\"yoast-schema-graph\">{\"@context\":\"https:\\\/\\\/schema.org\",\"@graph\":[{\"@type\":\"Article\",\"@id\":\"https:\\\/\\\/abella.ro\\\/blog\\\/rochii-elegante-de-iarna-pentru-evenimente-in-interior-si-escapade-in-oras\\\/#article\",\"isPartOf\":{\"@id\":\"https:\\\/\\\/abella.ro\\\/blog\\\/rochii-elegante-de-iarna-pentru-evenimente-in-interior-si-escapade-in-oras\\\/\"},\"author\":{\"name\":\"Ioana\",\"@id\":\"https:\\\/\\\/abella.ro\\\/blog\\\/#\\\/schema\\\/person\\\/58123f82c16640c4b9ef52150c2ca64f\"},\"headline\":\"Rochii elegante de iarna pentru evenimente in interior si escapade in oras\",\"datePublished\":\"2024-04-17T06:10:23+00:00\",\"mainEntityOfPage\":{\"@id\":\"https:\\\/\\\/abella.ro\\\/blog\\\/rochii-elegante-de-iarna-pentru-evenimente-in-interior-si-escapade-in-oras\\\/\"},\"wordCount\":645,\"commentCount\":0,\"publisher\":{\"@id\":\"https:\\\/\\\/abella.ro\\\/blog\\\/#organization\"},\"articleSection\":[\"Generale\"],\"inLanguage\":\"ro-RO\",\"potentialAction\":[{\"@type\":\"CommentAction\",\"name\":\"Comment\",\"target\":[\"https:\\\/\\\/abella.ro\\\/blog\\\/rochii-elegante-de-iarna-pentru-evenimente-in-interior-si-escapade-in-oras\\\/#respond\"]}]},{\"@type\":\"WebPage\",\"@id\":\"https:\\\/\\\/abella.ro\\\/blog\\\/rochii-elegante-de-iarna-pentru-evenimente-in-interior-si-escapade-in-oras\\\/\",\"url\":\"https:\\\/\\\/abella.ro\\\/blog\\\/rochii-elegante-de-iarna-pentru-evenimente-in-interior-si-escapade-in-oras\\\/\",\"name\":\"Rochii elegante de iarna pentru evenimente in interior si escapade in oras - Abella.ro\",\"isPartOf\":{\"@id\":\"https:\\\/\\\/abella.ro\\\/blog\\\/#website\"},\"datePublished\":\"2024-04-17T06:10:23+00:00\",\"breadcrumb\":{\"@id\":\"https:\\\/\\\/abella.ro\\\/blog\\\/rochii-elegante-de-iarna-pentru-evenimente-in-interior-si-escapade-in-oras\\\/#breadcrumb\"},\"inLanguage\":\"ro-RO\",\"potentialAction\":[{\"@type\":\"ReadAction\",\"target\":[\"https:\\\/\\\/abella.ro\\\/blog\\\/rochii-elegante-de-iarna-pentru-evenimente-in-interior-si-escapade-in-oras\\\/\"]}]},{\"@type\":\"BreadcrumbList\",\"@id\":\"https:\\\/\\\/abella.ro\\\/blog\\\/rochii-elegante-de-iarna-pentru-evenimente-in-interior-si-escapade-in-oras\\\/#breadcrumb\",\"itemListElement\":[{\"@type\":\"ListItem\",\"position\":1,\"name\":\"Prima pagin\u0103\",\"item\":\"https:\\\/\\\/abella.ro\\\/blog\\\/\"},{\"@type\":\"ListItem\",\"position\":2,\"name\":\"Rochii elegante de iarna pentru evenimente in interior si escapade in oras\"}]},{\"@type\":\"WebSite\",\"@id\":\"https:\\\/\\\/abella.ro\\\/blog\\\/#website\",\"url\":\"https:\\\/\\\/abella.ro\\\/blog\\\/\",\"name\":\"Abella.ro\",\"description\":\"Blog Fashion\",\"publisher\":{\"@id\":\"https:\\\/\\\/abella.ro\\\/blog\\\/#organization\"},\"potentialAction\":[{\"@type\":\"SearchAction\",\"target\":{\"@type\":\"EntryPoint\",\"urlTemplate\":\"https:\\\/\\\/abella.ro\\\/blog\\\/?s={search_term_string}\"},\"query-input\":{\"@type\":\"PropertyValueSpecification\",\"valueRequired\":true,\"valueName\":\"search_term_string\"}}],\"inLanguage\":\"ro-RO\"},{\"@type\":\"Organization\",\"@id\":\"https:\\\/\\\/abella.ro\\\/blog\\\/#organization\",\"name\":\"Abella.ro\",\"url\":\"https:\\\/\\\/abella.ro\\\/blog\\\/\",\"logo\":{\"@type\":\"ImageObject\",\"inLanguage\":\"ro-RO\",\"@id\":\"https:\\\/\\\/abella.ro\\\/blog\\\/#\\\/schema\\\/logo\\\/image\\\/\",\"url\":\"https:\\\/\\\/abella.ro\\\/blog\\\/wp-content\\\/uploads\\\/2023\\\/02\\\/abella-logo.png\",\"contentUrl\":\"https:\\\/\\\/abella.ro\\\/blog\\\/wp-content\\\/uploads\\\/2023\\\/02\\\/abella-logo.png\",\"width\":190,\"height\":114,\"caption\":\"Abella.ro\"},\"image\":{\"@id\":\"https:\\\/\\\/abella.ro\\\/blog\\\/#\\\/schema\\\/logo\\\/image\\\/\"}},{\"@type\":\"Person\",\"@id\":\"https:\\\/\\\/abella.ro\\\/blog\\\/#\\\/schema\\\/person\\\/58123f82c16640c4b9ef52150c2ca64f\",\"name\":\"Ioana\",\"image\":{\"@type\":\"ImageObject\",\"inLanguage\":\"ro-RO\",\"@id\":\"https:\\\/\\\/secure.gravatar.com\\\/avatar\\\/8936b50e80d3907fb564464c73a64b31860b5f60095d18a44091828042476c61?s=96&d=mm&r=g\",\"url\":\"https:\\\/\\\/secure.gravatar.com\\\/avatar\\\/8936b50e80d3907fb564464c73a64b31860b5f60095d18a44091828042476c61?s=96&d=mm&r=g\",\"contentUrl\":\"https:\\\/\\\/secure.gravatar.com\\\/avatar\\\/8936b50e80d3907fb564464c73a64b31860b5f60095d18a44091828042476c61?s=96&d=mm&r=g\",\"caption\":\"Ioana\"},\"sameAs\":[\"https:\\\/\\\/abella.ro\\\/blog\"],\"url\":\"https:\\\/\\\/abella.ro\\\/blog\\\/author\\\/ioana\\\/\"}]}<\/script>\n<!-- \/ Yoast SEO plugin. -->","yoast_head_json":{"title":"Rochii elegante de iarna pentru evenimente in interior si escapade in oras - Abella.ro","robots":{"index":"index","follow":"follow","max-snippet":"max-snippet:-1","max-image-preview":"max-image-preview:large","max-video-preview":"max-video-preview:-1"},"canonical":"https:\/\/abella.ro\/blog\/rochii-elegante-de-iarna-pentru-evenimente-in-interior-si-escapade-in-oras\/","og_locale":"ro_RO","og_type":"article","og_title":"Rochii elegante de iarna pentru evenimente in interior si escapade in oras - Abella.ro","og_description":"Rochiile elegante de iarn\u0103 sunt o alegere perfect\u0103 pentru evenimentele din interior \u0219i pentru escapadele \u00een ora\u0219, ad\u0103ug\u00e2nd un plus de rafinament \u0219i elegan\u021b\u0103 \u00een \u021binuta ta. \u00cen acest articol, vom explora de ce este esen\u021bial s\u0103 ai c\u00e2teva rochii elegante de iarn\u0103 \u00een garderoba ta \u0219i cum s\u0103 le alegi pentru a te sim\u021bi [&hellip;]","og_url":"https:\/\/abella.ro\/blog\/rochii-elegante-de-iarna-pentru-evenimente-in-interior-si-escapade-in-oras\/","og_site_name":"Abella.ro","article_published_time":"2024-04-17T06:10:23+00:00","author":"Ioana","twitter_card":"summary_large_image","twitter_misc":{"Scris de":"Ioana","Timp estimat pentru citire":"3 minute"},"schema":{"@context":"https:\/\/schema.org","@graph":[{"@type":"Article","@id":"https:\/\/abella.ro\/blog\/rochii-elegante-de-iarna-pentru-evenimente-in-interior-si-escapade-in-oras\/#article","isPartOf":{"@id":"https:\/\/abella.ro\/blog\/rochii-elegante-de-iarna-pentru-evenimente-in-interior-si-escapade-in-oras\/"},"author":{"name":"Ioana","@id":"https:\/\/abella.ro\/blog\/#\/schema\/person\/58123f82c16640c4b9ef52150c2ca64f"},"headline":"Rochii elegante de iarna pentru evenimente in interior si escapade in oras","datePublished":"2024-04-17T06:10:23+00:00","mainEntityOfPage":{"@id":"https:\/\/abella.ro\/blog\/rochii-elegante-de-iarna-pentru-evenimente-in-interior-si-escapade-in-oras\/"},"wordCount":645,"commentCount":0,"publisher":{"@id":"https:\/\/abella.ro\/blog\/#organization"},"articleSection":["Generale"],"inLanguage":"ro-RO","potentialAction":[{"@type":"CommentAction","name":"Comment","target":["https:\/\/abella.ro\/blog\/rochii-elegante-de-iarna-pentru-evenimente-in-interior-si-escapade-in-oras\/#respond"]}]},{"@type":"WebPage","@id":"https:\/\/abella.ro\/blog\/rochii-elegante-de-iarna-pentru-evenimente-in-interior-si-escapade-in-oras\/","url":"https:\/\/abella.ro\/blog\/rochii-elegante-de-iarna-pentru-evenimente-in-interior-si-escapade-in-oras\/","name":"Rochii elegante de iarna pentru evenimente in interior si escapade in oras - Abella.ro","isPartOf":{"@id":"https:\/\/abella.ro\/blog\/#website"},"datePublished":"2024-04-17T06:10:23+00:00","breadcrumb":{"@id":"https:\/\/abella.ro\/blog\/rochii-elegante-de-iarna-pentru-evenimente-in-interior-si-escapade-in-oras\/#breadcrumb"},"inLanguage":"ro-RO","potentialAction":[{"@type":"ReadAction","target":["https:\/\/abella.ro\/blog\/rochii-elegante-de-iarna-pentru-evenimente-in-interior-si-escapade-in-oras\/"]}]},{"@type":"BreadcrumbList","@id":"https:\/\/abella.ro\/blog\/rochii-elegante-de-iarna-pentru-evenimente-in-interior-si-escapade-in-oras\/#breadcrumb","itemListElement":[{"@type":"ListItem","position":1,"name":"Prima pagin\u0103","item":"https:\/\/abella.ro\/blog\/"},{"@type":"ListItem","position":2,"name":"Rochii elegante de iarna pentru evenimente in interior si escapade in oras"}]},{"@type":"WebSite","@id":"https:\/\/abella.ro\/blog\/#website","url":"https:\/\/abella.ro\/blog\/","name":"Abella.ro","description":"Blog Fashion","publisher":{"@id":"https:\/\/abella.ro\/blog\/#organization"},"potentialAction":[{"@type":"SearchAction","target":{"@type":"EntryPoint","urlTemplate":"https:\/\/abella.ro\/blog\/?s={search_term_string}"},"query-input":{"@type":"PropertyValueSpecification","valueRequired":true,"valueName":"search_term_string"}}],"inLanguage":"ro-RO"},{"@type":"Organization","@id":"https:\/\/abella.ro\/blog\/#organization","name":"Abella.ro","url":"https:\/\/abella.ro\/blog\/","logo":{"@type":"ImageObject","inLanguage":"ro-RO","@id":"https:\/\/abella.ro\/blog\/#\/schema\/logo\/image\/","url":"https:\/\/abella.ro\/blog\/wp-content\/uploads\/2023\/02\/abella-logo.png","contentUrl":"https:\/\/abella.ro\/blog\/wp-content\/uploads\/2023\/02\/abella-logo.png","width":190,"height":114,"caption":"Abella.ro"},"image":{"@id":"https:\/\/abella.ro\/blog\/#\/schema\/logo\/image\/"}},{"@type":"Person","@id":"https:\/\/abella.ro\/blog\/#\/schema\/person\/58123f82c16640c4b9ef52150c2ca64f","name":"Ioana","image":{"@type":"ImageObject","inLanguage":"ro-RO","@id":"https:\/\/secure.gravatar.com\/avatar\/8936b50e80d3907fb564464c73a64b31860b5f60095d18a44091828042476c61?s=96&d=mm&r=g","url":"https:\/\/secure.gravatar.com\/avatar\/8936b50e80d3907fb564464c73a64b31860b5f60095d18a44091828042476c61?s=96&d=mm&r=g","contentUrl":"https:\/\/secure.gravatar.com\/avatar\/8936b50e80d3907fb564464c73a64b31860b5f60095d18a44091828042476c61?s=96&d=mm&r=g","caption":"Ioana"},"sameAs":["https:\/\/abella.ro\/blog"],"url":"https:\/\/abella.ro\/blog\/author\/ioana\/"}]}},"amp_enabled":true,"_links":{"self":[{"href":"https:\/\/abella.ro\/blog\/wp-json\/wp\/v2\/posts\/212","targetHints":{"allow":["GET"]}}],"collection":[{"href":"https:\/\/abella.ro\/blog\/wp-json\/wp\/v2\/posts"}],"about":[{"href":"https:\/\/abella.ro\/blog\/wp-json\/wp\/v2\/types\/post"}],"author":[{"embeddable":true,"href":"https:\/\/abella.ro\/blog\/wp-json\/wp\/v2\/users\/1"}],"replies":[{"embeddable":true,"href":"https:\/\/abella.ro\/blog\/wp-json\/wp\/v2\/comments?post=212"}],"version-history":[{"count":0,"href":"https:\/\/abella.ro\/blog\/wp-json\/wp\/v2\/posts\/212\/revisions"}],"wp:attachment":[{"href":"https:\/\/abella.ro\/blog\/wp-json\/wp\/v2\/media?parent=212"}],"wp:term":[{"taxonomy":"category","embeddable":true,"href":"https:\/\/abella.ro\/blog\/wp-json\/wp\/v2\/categories?post=212"},{"taxonomy":"post_tag","embeddable":true,"href":"https:\/\/abella.ro\/blog\/wp-json\/wp\/v2\/tags?post=212"}],"curies":[{"name":"wp","href":"https:\/\/api.w.org\/{rel}","templated":true}]}}