{"id":233,"date":"2024-04-17T06:25:13","date_gmt":"2024-04-17T06:25:13","guid":{"rendered":"https:\/\/abella.ro\/blog\/descopera-cele-mai-rafinate-rochii-de-seara-lungi-pentru-evenimente-black-tie-si-gala-caritabila\/"},"modified":"2024-04-17T06:25:13","modified_gmt":"2024-04-17T06:25:13","slug":"descopera-cele-mai-rafinate-rochii-de-seara-lungi-pentru-evenimente-black-tie-si-gala-caritabila","status":"publish","type":"post","link":"https:\/\/abella.ro\/blog\/descopera-cele-mai-rafinate-rochii-de-seara-lungi-pentru-evenimente-black-tie-si-gala-caritabila\/","title":{"rendered":"Descopera cele mai rafinate rochii de seara lungi pentru evenimente black-tie si gala caritabila"},"content":{"rendered":"<p>Descoper\u0103 cele mai elegante rochii de sear\u0103 lungi pentru evenimente black-tie \u0219i gala caritabil\u0103<\/p>\n<p>Noi, la [numele companiei], suntem m\u00e2ndri s\u0103 \u00ee\u021bi prezent\u0103m o colec\u021bie deosebit\u0103 de rochii de sear\u0103 lungi, perfecte pentru evenimente de tip black-tie \u0219i gale caritabile. Suntem con\u0219tien\u021bi c\u0103 astfel de ocazii necesit\u0103 o \u021binut\u0103 impecabil\u0103, care s\u0103 te fac\u0103 s\u0103 te sim\u021bi \u00eencrez\u0103toare \u0219i s\u0103 atragi toate privirile. De aceea, am adunat cele mai rafinate \u0219i elegante rochii de sear\u0103 lungi, care s\u0103 \u00eendeplineasc\u0103 toate aceste cerin\u021be.<\/p>\n<p>Cu o varietate de stiluri \u0219i culori, suntem siguri c\u0103 vei g\u0103si rochia perfect\u0103 pentru tine. Fie c\u0103 preferi un look clasic, cu o rochie neagr\u0103, elegant\u0103 \u0219i sofisticat\u0103, sau unul mai \u00eendr\u0103zne\u021b, cu o rochie lung\u0103 \u00eentr-o culoare vibrant\u0103, avem op\u021biuni pentru toate preferin\u021bele.<\/p>\n<p>Pentru un eveniment black-tie, recomand\u0103m o rochie lung\u0103 \u00eentr-o nuan\u021b\u0103 profund\u0103, precum ro\u0219u \u00eenchis, bleumarin sau verde smarald. Aceste culori vor ad\u0103uga o not\u0103 de mister \u0219i elegan\u021b\u0103 \u021binutei tale. De asemenea, po\u021bi opta pentru detalii str\u0103lucitoare, precum paiete sau pietre pre\u021bioase, care s\u0103 \u00ee\u021bi confere un aer glam \u0219i sofisticat.<\/p>\n<p>Pentru o gala caritabil\u0103, po\u021bi alege o rochie cu un croi mai lejer, dar totu\u0219i elegant. O rochie cu un decolteu ad\u00e2nc sau o fust\u0103 ampl\u0103, \u00eentr-o culoare pastelat\u0103, va fi o alegere perfect\u0103. De asemenea, po\u021bi opta pentru o rochie cu detalii delicate, precum dantel\u0103 sau broderie, care s\u0103 \u00ee\u021bi ofere un look romantic \u0219i feminin.<\/p>\n<p>Nu uita s\u0103 accesorizezi \u021binuta cu aten\u021bie. O pereche de cercei statement \u0219i o po\u0219et\u0103 deosebit\u0103 vor completa perfect rochia ta. De asemenea, o pereche de pantofi elegan\u021bi \u0219i un machiaj impecabil vor face diferen\u021ba \u00een \u00eentregul look.<\/p>\n<p>La [numele companiei], ne asigur\u0103m c\u0103 toate rochiile noastre sunt fabricate din materiale de calitate superioar\u0103 \u0219i sunt croite cu aten\u021bie la detalii. Astfel, vei avea certitudinea c\u0103 vei ar\u0103ta impecabil \u0219i vei fi \u00een centrul aten\u021biei la orice eveniment.<\/p>\n<p>\u00cen plus, suntem mereu la curent cu ultimele tendin\u021be \u00een materie de mod\u0103, astfel \u00eenc\u00e2t s\u0103 \u00ee\u021bi oferim mereu cele mai noi \u0219i inovatoare modele de rochii de sear\u0103 lungi. De asemenea, suntem mereu la dispozi\u021bia ta \u00een cazul \u00een care ai nevoie de sfaturi sau asisten\u021b\u0103 \u00een alegerea \u021binutei perfecte.<\/p>\n<p>\u00cen concluzie, dac\u0103 e\u0219ti \u00een c\u0103utarea unei rochii de sear\u0103 lungi pentru un eveniment black-tie sau o gala caritabil\u0103, noi suntem alegerea perfect\u0103. Cu o gam\u0103 variat\u0103 de modele \u0219i culori, suntem siguri c\u0103 vei g\u0103si rochia perfect\u0103 pentru a te face s\u0103 te sim\u021bi ca o adev\u0103rat\u0103 div\u0103. Vino acum \u00een magazinul nostru \u0219i las\u0103-ne s\u0103 te ajut\u0103m s\u0103 str\u0103luce\u0219ti la urm\u0103toarea ta ocazie special\u0103!<\/p>\n","protected":false},"excerpt":{"rendered":"<p>Descoper\u0103 cele mai elegante rochii de sear\u0103 lungi pentru evenimente black-tie \u0219i gala caritabil\u0103 Noi, la [numele companiei], suntem m\u00e2ndri s\u0103 \u00ee\u021bi prezent\u0103m o colec\u021bie deosebit\u0103 de rochii de sear\u0103 lungi, perfecte pentru evenimente de tip black-tie \u0219i gale caritabile. Suntem con\u0219tien\u021bi c\u0103 astfel de ocazii necesit\u0103 o \u021binut\u0103 impecabil\u0103, care s\u0103 te fac\u0103 s\u0103 [&hellip;]<\/p>\n","protected":false},"author":1,"featured_media":0,"comment_status":"open","ping_status":"open","sticky":false,"template":"","format":"standard","meta":{"footnotes":""},"categories":[1],"tags":[],"class_list":["post-233","post","type-post","status-publish","format-standard","hentry","category-generale"],"yoast_head":"<!-- This site is optimized with the Yoast SEO plugin v27.5 - https:\/\/yoast.com\/product\/yoast-seo-wordpress\/ -->\n<title>Descopera cele mai rafinate rochii de seara lungi pentru evenimente black-tie si gala caritabila - Abella.ro<\/title>\n<meta name=\"robots\" content=\"index, follow, max-snippet:-1, max-image-preview:large, max-video-preview:-1\" \/>\n<link rel=\"canonical\" href=\"https:\/\/abella.ro\/blog\/descopera-cele-mai-rafinate-rochii-de-seara-lungi-pentru-evenimente-black-tie-si-gala-caritabila\/\" \/>\n<meta property=\"og:locale\" content=\"ro_RO\" \/>\n<meta property=\"og:type\" content=\"article\" \/>\n<meta property=\"og:title\" content=\"Descopera cele mai rafinate rochii de seara lungi pentru evenimente black-tie si gala caritabila - Abella.ro\" \/>\n<meta property=\"og:description\" content=\"Descoper\u0103 cele mai elegante rochii de sear\u0103 lungi pentru evenimente black-tie \u0219i gala caritabil\u0103 Noi, la [numele companiei], suntem m\u00e2ndri s\u0103 \u00ee\u021bi prezent\u0103m o colec\u021bie deosebit\u0103 de rochii de sear\u0103 lungi, perfecte pentru evenimente de tip black-tie \u0219i gale caritabile. Suntem con\u0219tien\u021bi c\u0103 astfel de ocazii necesit\u0103 o \u021binut\u0103 impecabil\u0103, care s\u0103 te fac\u0103 s\u0103 [&hellip;]\" \/>\n<meta property=\"og:url\" content=\"https:\/\/abella.ro\/blog\/descopera-cele-mai-rafinate-rochii-de-seara-lungi-pentru-evenimente-black-tie-si-gala-caritabila\/\" \/>\n<meta property=\"og:site_name\" content=\"Abella.ro\" \/>\n<meta property=\"article:published_time\" content=\"2024-04-17T06:25:13+00:00\" \/>\n<meta name=\"author\" content=\"Ioana\" \/>\n<meta name=\"twitter:card\" content=\"summary_large_image\" \/>\n<meta name=\"twitter:label1\" content=\"Scris de\" \/>\n\t<meta name=\"twitter:data1\" content=\"Ioana\" \/>\n\t<meta name=\"twitter:label2\" content=\"Timp estimat pentru citire\" \/>\n\t<meta name=\"twitter:data2\" content=\"2 minute\" \/>\n<script type=\"application\/ld+json\" class=\"yoast-schema-graph\">{\"@context\":\"https:\\\/\\\/schema.org\",\"@graph\":[{\"@type\":\"Article\",\"@id\":\"https:\\\/\\\/abella.ro\\\/blog\\\/descopera-cele-mai-rafinate-rochii-de-seara-lungi-pentru-evenimente-black-tie-si-gala-caritabila\\\/#article\",\"isPartOf\":{\"@id\":\"https:\\\/\\\/abella.ro\\\/blog\\\/descopera-cele-mai-rafinate-rochii-de-seara-lungi-pentru-evenimente-black-tie-si-gala-caritabila\\\/\"},\"author\":{\"name\":\"Ioana\",\"@id\":\"https:\\\/\\\/abella.ro\\\/blog\\\/#\\\/schema\\\/person\\\/58123f82c16640c4b9ef52150c2ca64f\"},\"headline\":\"Descopera cele mai rafinate rochii de seara lungi pentru evenimente black-tie si gala caritabila\",\"datePublished\":\"2024-04-17T06:25:13+00:00\",\"mainEntityOfPage\":{\"@id\":\"https:\\\/\\\/abella.ro\\\/blog\\\/descopera-cele-mai-rafinate-rochii-de-seara-lungi-pentru-evenimente-black-tie-si-gala-caritabila\\\/\"},\"wordCount\":487,\"commentCount\":0,\"publisher\":{\"@id\":\"https:\\\/\\\/abella.ro\\\/blog\\\/#organization\"},\"articleSection\":[\"Generale\"],\"inLanguage\":\"ro-RO\",\"potentialAction\":[{\"@type\":\"CommentAction\",\"name\":\"Comment\",\"target\":[\"https:\\\/\\\/abella.ro\\\/blog\\\/descopera-cele-mai-rafinate-rochii-de-seara-lungi-pentru-evenimente-black-tie-si-gala-caritabila\\\/#respond\"]}]},{\"@type\":\"WebPage\",\"@id\":\"https:\\\/\\\/abella.ro\\\/blog\\\/descopera-cele-mai-rafinate-rochii-de-seara-lungi-pentru-evenimente-black-tie-si-gala-caritabila\\\/\",\"url\":\"https:\\\/\\\/abella.ro\\\/blog\\\/descopera-cele-mai-rafinate-rochii-de-seara-lungi-pentru-evenimente-black-tie-si-gala-caritabila\\\/\",\"name\":\"Descopera cele mai rafinate rochii de seara lungi pentru evenimente black-tie si gala caritabila - Abella.ro\",\"isPartOf\":{\"@id\":\"https:\\\/\\\/abella.ro\\\/blog\\\/#website\"},\"datePublished\":\"2024-04-17T06:25:13+00:00\",\"breadcrumb\":{\"@id\":\"https:\\\/\\\/abella.ro\\\/blog\\\/descopera-cele-mai-rafinate-rochii-de-seara-lungi-pentru-evenimente-black-tie-si-gala-caritabila\\\/#breadcrumb\"},\"inLanguage\":\"ro-RO\",\"potentialAction\":[{\"@type\":\"ReadAction\",\"target\":[\"https:\\\/\\\/abella.ro\\\/blog\\\/descopera-cele-mai-rafinate-rochii-de-seara-lungi-pentru-evenimente-black-tie-si-gala-caritabila\\\/\"]}]},{\"@type\":\"BreadcrumbList\",\"@id\":\"https:\\\/\\\/abella.ro\\\/blog\\\/descopera-cele-mai-rafinate-rochii-de-seara-lungi-pentru-evenimente-black-tie-si-gala-caritabila\\\/#breadcrumb\",\"itemListElement\":[{\"@type\":\"ListItem\",\"position\":1,\"name\":\"Prima pagin\u0103\",\"item\":\"https:\\\/\\\/abella.ro\\\/blog\\\/\"},{\"@type\":\"ListItem\",\"position\":2,\"name\":\"Descopera cele mai rafinate rochii de seara lungi pentru evenimente black-tie si gala caritabila\"}]},{\"@type\":\"WebSite\",\"@id\":\"https:\\\/\\\/abella.ro\\\/blog\\\/#website\",\"url\":\"https:\\\/\\\/abella.ro\\\/blog\\\/\",\"name\":\"Abella.ro\",\"description\":\"Blog Fashion\",\"publisher\":{\"@id\":\"https:\\\/\\\/abella.ro\\\/blog\\\/#organization\"},\"potentialAction\":[{\"@type\":\"SearchAction\",\"target\":{\"@type\":\"EntryPoint\",\"urlTemplate\":\"https:\\\/\\\/abella.ro\\\/blog\\\/?s={search_term_string}\"},\"query-input\":{\"@type\":\"PropertyValueSpecification\",\"valueRequired\":true,\"valueName\":\"search_term_string\"}}],\"inLanguage\":\"ro-RO\"},{\"@type\":\"Organization\",\"@id\":\"https:\\\/\\\/abella.ro\\\/blog\\\/#organization\",\"name\":\"Abella.ro\",\"url\":\"https:\\\/\\\/abella.ro\\\/blog\\\/\",\"logo\":{\"@type\":\"ImageObject\",\"inLanguage\":\"ro-RO\",\"@id\":\"https:\\\/\\\/abella.ro\\\/blog\\\/#\\\/schema\\\/logo\\\/image\\\/\",\"url\":\"https:\\\/\\\/abella.ro\\\/blog\\\/wp-content\\\/uploads\\\/2023\\\/02\\\/abella-logo.png\",\"contentUrl\":\"https:\\\/\\\/abella.ro\\\/blog\\\/wp-content\\\/uploads\\\/2023\\\/02\\\/abella-logo.png\",\"width\":190,\"height\":114,\"caption\":\"Abella.ro\"},\"image\":{\"@id\":\"https:\\\/\\\/abella.ro\\\/blog\\\/#\\\/schema\\\/logo\\\/image\\\/\"}},{\"@type\":\"Person\",\"@id\":\"https:\\\/\\\/abella.ro\\\/blog\\\/#\\\/schema\\\/person\\\/58123f82c16640c4b9ef52150c2ca64f\",\"name\":\"Ioana\",\"image\":{\"@type\":\"ImageObject\",\"inLanguage\":\"ro-RO\",\"@id\":\"https:\\\/\\\/secure.gravatar.com\\\/avatar\\\/8936b50e80d3907fb564464c73a64b31860b5f60095d18a44091828042476c61?s=96&d=mm&r=g\",\"url\":\"https:\\\/\\\/secure.gravatar.com\\\/avatar\\\/8936b50e80d3907fb564464c73a64b31860b5f60095d18a44091828042476c61?s=96&d=mm&r=g\",\"contentUrl\":\"https:\\\/\\\/secure.gravatar.com\\\/avatar\\\/8936b50e80d3907fb564464c73a64b31860b5f60095d18a44091828042476c61?s=96&d=mm&r=g\",\"caption\":\"Ioana\"},\"sameAs\":[\"https:\\\/\\\/abella.ro\\\/blog\"],\"url\":\"https:\\\/\\\/abella.ro\\\/blog\\\/author\\\/ioana\\\/\"}]}<\/script>\n<!-- \/ Yoast SEO plugin. -->","yoast_head_json":{"title":"Descopera cele mai rafinate rochii de seara lungi pentru evenimente black-tie si gala caritabila - Abella.ro","robots":{"index":"index","follow":"follow","max-snippet":"max-snippet:-1","max-image-preview":"max-image-preview:large","max-video-preview":"max-video-preview:-1"},"canonical":"https:\/\/abella.ro\/blog\/descopera-cele-mai-rafinate-rochii-de-seara-lungi-pentru-evenimente-black-tie-si-gala-caritabila\/","og_locale":"ro_RO","og_type":"article","og_title":"Descopera cele mai rafinate rochii de seara lungi pentru evenimente black-tie si gala caritabila - Abella.ro","og_description":"Descoper\u0103 cele mai elegante rochii de sear\u0103 lungi pentru evenimente black-tie \u0219i gala caritabil\u0103 Noi, la [numele companiei], suntem m\u00e2ndri s\u0103 \u00ee\u021bi prezent\u0103m o colec\u021bie deosebit\u0103 de rochii de sear\u0103 lungi, perfecte pentru evenimente de tip black-tie \u0219i gale caritabile. Suntem con\u0219tien\u021bi c\u0103 astfel de ocazii necesit\u0103 o \u021binut\u0103 impecabil\u0103, care s\u0103 te fac\u0103 s\u0103 [&hellip;]","og_url":"https:\/\/abella.ro\/blog\/descopera-cele-mai-rafinate-rochii-de-seara-lungi-pentru-evenimente-black-tie-si-gala-caritabila\/","og_site_name":"Abella.ro","article_published_time":"2024-04-17T06:25:13+00:00","author":"Ioana","twitter_card":"summary_large_image","twitter_misc":{"Scris de":"Ioana","Timp estimat pentru citire":"2 minute"},"schema":{"@context":"https:\/\/schema.org","@graph":[{"@type":"Article","@id":"https:\/\/abella.ro\/blog\/descopera-cele-mai-rafinate-rochii-de-seara-lungi-pentru-evenimente-black-tie-si-gala-caritabila\/#article","isPartOf":{"@id":"https:\/\/abella.ro\/blog\/descopera-cele-mai-rafinate-rochii-de-seara-lungi-pentru-evenimente-black-tie-si-gala-caritabila\/"},"author":{"name":"Ioana","@id":"https:\/\/abella.ro\/blog\/#\/schema\/person\/58123f82c16640c4b9ef52150c2ca64f"},"headline":"Descopera cele mai rafinate rochii de seara lungi pentru evenimente black-tie si gala caritabila","datePublished":"2024-04-17T06:25:13+00:00","mainEntityOfPage":{"@id":"https:\/\/abella.ro\/blog\/descopera-cele-mai-rafinate-rochii-de-seara-lungi-pentru-evenimente-black-tie-si-gala-caritabila\/"},"wordCount":487,"commentCount":0,"publisher":{"@id":"https:\/\/abella.ro\/blog\/#organization"},"articleSection":["Generale"],"inLanguage":"ro-RO","potentialAction":[{"@type":"CommentAction","name":"Comment","target":["https:\/\/abella.ro\/blog\/descopera-cele-mai-rafinate-rochii-de-seara-lungi-pentru-evenimente-black-tie-si-gala-caritabila\/#respond"]}]},{"@type":"WebPage","@id":"https:\/\/abella.ro\/blog\/descopera-cele-mai-rafinate-rochii-de-seara-lungi-pentru-evenimente-black-tie-si-gala-caritabila\/","url":"https:\/\/abella.ro\/blog\/descopera-cele-mai-rafinate-rochii-de-seara-lungi-pentru-evenimente-black-tie-si-gala-caritabila\/","name":"Descopera cele mai rafinate rochii de seara lungi pentru evenimente black-tie si gala caritabila - Abella.ro","isPartOf":{"@id":"https:\/\/abella.ro\/blog\/#website"},"datePublished":"2024-04-17T06:25:13+00:00","breadcrumb":{"@id":"https:\/\/abella.ro\/blog\/descopera-cele-mai-rafinate-rochii-de-seara-lungi-pentru-evenimente-black-tie-si-gala-caritabila\/#breadcrumb"},"inLanguage":"ro-RO","potentialAction":[{"@type":"ReadAction","target":["https:\/\/abella.ro\/blog\/descopera-cele-mai-rafinate-rochii-de-seara-lungi-pentru-evenimente-black-tie-si-gala-caritabila\/"]}]},{"@type":"BreadcrumbList","@id":"https:\/\/abella.ro\/blog\/descopera-cele-mai-rafinate-rochii-de-seara-lungi-pentru-evenimente-black-tie-si-gala-caritabila\/#breadcrumb","itemListElement":[{"@type":"ListItem","position":1,"name":"Prima pagin\u0103","item":"https:\/\/abella.ro\/blog\/"},{"@type":"ListItem","position":2,"name":"Descopera cele mai rafinate rochii de seara lungi pentru evenimente black-tie si gala caritabila"}]},{"@type":"WebSite","@id":"https:\/\/abella.ro\/blog\/#website","url":"https:\/\/abella.ro\/blog\/","name":"Abella.ro","description":"Blog Fashion","publisher":{"@id":"https:\/\/abella.ro\/blog\/#organization"},"potentialAction":[{"@type":"SearchAction","target":{"@type":"EntryPoint","urlTemplate":"https:\/\/abella.ro\/blog\/?s={search_term_string}"},"query-input":{"@type":"PropertyValueSpecification","valueRequired":true,"valueName":"search_term_string"}}],"inLanguage":"ro-RO"},{"@type":"Organization","@id":"https:\/\/abella.ro\/blog\/#organization","name":"Abella.ro","url":"https:\/\/abella.ro\/blog\/","logo":{"@type":"ImageObject","inLanguage":"ro-RO","@id":"https:\/\/abella.ro\/blog\/#\/schema\/logo\/image\/","url":"https:\/\/abella.ro\/blog\/wp-content\/uploads\/2023\/02\/abella-logo.png","contentUrl":"https:\/\/abella.ro\/blog\/wp-content\/uploads\/2023\/02\/abella-logo.png","width":190,"height":114,"caption":"Abella.ro"},"image":{"@id":"https:\/\/abella.ro\/blog\/#\/schema\/logo\/image\/"}},{"@type":"Person","@id":"https:\/\/abella.ro\/blog\/#\/schema\/person\/58123f82c16640c4b9ef52150c2ca64f","name":"Ioana","image":{"@type":"ImageObject","inLanguage":"ro-RO","@id":"https:\/\/secure.gravatar.com\/avatar\/8936b50e80d3907fb564464c73a64b31860b5f60095d18a44091828042476c61?s=96&d=mm&r=g","url":"https:\/\/secure.gravatar.com\/avatar\/8936b50e80d3907fb564464c73a64b31860b5f60095d18a44091828042476c61?s=96&d=mm&r=g","contentUrl":"https:\/\/secure.gravatar.com\/avatar\/8936b50e80d3907fb564464c73a64b31860b5f60095d18a44091828042476c61?s=96&d=mm&r=g","caption":"Ioana"},"sameAs":["https:\/\/abella.ro\/blog"],"url":"https:\/\/abella.ro\/blog\/author\/ioana\/"}]}},"amp_enabled":true,"_links":{"self":[{"href":"https:\/\/abella.ro\/blog\/wp-json\/wp\/v2\/posts\/233","targetHints":{"allow":["GET"]}}],"collection":[{"href":"https:\/\/abella.ro\/blog\/wp-json\/wp\/v2\/posts"}],"about":[{"href":"https:\/\/abella.ro\/blog\/wp-json\/wp\/v2\/types\/post"}],"author":[{"embeddable":true,"href":"https:\/\/abella.ro\/blog\/wp-json\/wp\/v2\/users\/1"}],"replies":[{"embeddable":true,"href":"https:\/\/abella.ro\/blog\/wp-json\/wp\/v2\/comments?post=233"}],"version-history":[{"count":0,"href":"https:\/\/abella.ro\/blog\/wp-json\/wp\/v2\/posts\/233\/revisions"}],"wp:attachment":[{"href":"https:\/\/abella.ro\/blog\/wp-json\/wp\/v2\/media?parent=233"}],"wp:term":[{"taxonomy":"category","embeddable":true,"href":"https:\/\/abella.ro\/blog\/wp-json\/wp\/v2\/categories?post=233"},{"taxonomy":"post_tag","embeddable":true,"href":"https:\/\/abella.ro\/blog\/wp-json\/wp\/v2\/tags?post=233"}],"curies":[{"name":"wp","href":"https:\/\/api.w.org\/{rel}","templated":true}]}}