{"id":237,"date":"2024-04-17T06:27:59","date_gmt":"2024-04-17T06:27:59","guid":{"rendered":"https:\/\/abella.ro\/blog\/cele-mai-elegante-rochii-de-nunta-midi-pentru-ceremonii-la-mare-si-la-munte\/"},"modified":"2024-04-17T06:27:59","modified_gmt":"2024-04-17T06:27:59","slug":"cele-mai-elegante-rochii-de-nunta-midi-pentru-ceremonii-la-mare-si-la-munte","status":"publish","type":"post","link":"https:\/\/abella.ro\/blog\/cele-mai-elegante-rochii-de-nunta-midi-pentru-ceremonii-la-mare-si-la-munte\/","title":{"rendered":"Cele mai elegante rochii de nunta midi pentru ceremonii la mare si la munte"},"content":{"rendered":"<p>Bine ai venit \u00een lumea minunat\u0103 a nun\u021bilor! Dac\u0103 ai ajuns aici, cu siguran\u021b\u0103 c\u0103 \u00ee\u021bi dore\u0219ti s\u0103 afli cea mai elegant\u0103 \u0219i potrivit\u0103 rochie de mireas\u0103 pentru ceremonia ta de la mare \u0219i de la munte. Fie c\u0103 alegi s\u0103 \u00ee\u021bi spui \u201eda\u201d pe plaj\u0103 sau pe v\u00e2rful unui munte, trebuie s\u0103 fii preg\u0103tit\u0103 s\u0103 str\u0103luce\u0219ti \u00een cel mai important moment al vie\u021bii tale. A\u0219a c\u0103 nu mai pierde timpul \u0219i hai s\u0103 descoperim \u00eempreun\u0103 cele mai elegante rochii de nunta midi pentru ceremonii la mare \u0219i la munte!<\/p>\n<p>Dar \u00eenainte de a intra \u00een detalii, vreau s\u0103 te \u00eentreb ceva. \u0218tii cum s\u0103 alegi rochia perfect\u0103 pentru aceste tipuri de ceremonii? Ei bine, nu este deloc u\u0219or, dar nu te \u00eengrijora, sunt aici s\u0103 te ajut. A\u0219a c\u0103 haide s\u0103 vedem \u00eempreun\u0103 ce trebuie s\u0103 \u021bii cont atunci c\u00e2nd alegi rochia de mireas\u0103 pentru o ceremonie la mare \u0219i la munte.<\/p>\n<p>\u00cen primul r\u00e2nd, trebuie s\u0103 \u021bii cont de locul unde va avea loc ceremonia. Dac\u0103 alegi o ceremonie la mare, trebuie s\u0103 te g\u00e2nde\u0219ti la vremea \u0219i condi\u021biile de pe plaj\u0103. De exemplu, dac\u0103 nunta ta este \u00een plin sezon de var\u0103, ar trebui s\u0103 optezi pentru o rochie mai lejer\u0103, dintr-un material u\u0219or, precum m\u0103tasea sau chiffonul. De asemenea, po\u021bi alege o rochie cu o croial\u0103 mai simpl\u0103, care s\u0103 permit\u0103 aerisirea \u0219i s\u0103 te sim\u021bi confortabil \u00een timpul ceremoniei.<\/p>\n<p>Pe de alt\u0103 parte, dac\u0103 nunta ta are loc la munte, trebuie s\u0103 te g\u00e2nde\u0219ti la temperaturile mai sc\u0103zute \u0219i la posibilele ploi. A\u0219a c\u0103 o rochie mai groas\u0103, dintr-un material ca l\u00e2na sau catifeaua, poate fi o alegere mai bun\u0103. De asemenea, po\u021bi opta pentru o rochie cu m\u00e2neci lungi sau cu un bolero, pentru a te proteja de frig.<\/p>\n<p>Acum c\u0103 \u0219tii ce trebuie s\u0103 \u021bii cont de la punct de vedere al locului, hai s\u0103 vorbim despre modelul rochiei. Pentru o ceremonie la mare, po\u021bi alege o rochie midi, care s\u0103 \u00ee\u021bi permit\u0103 s\u0103 te plimbi pe plaj\u0103 f\u0103r\u0103 s\u0103 te \u00eencurci \u00een fust\u0103. O rochie cu o croial\u0103 \u00een A, cu o tren\u0103 scurt\u0103 \u0219i cu detalii florale sau marine poate fi o alegere perfect\u0103 pentru o ceremonie romantic\u0103 pe plaj\u0103.<\/p>\n<p>\u00cen schimb, pentru o ceremonie la munte, po\u021bi alege o rochie midi cu un croi mai clasic, care s\u0103 \u00ee\u021bi eviden\u021bieze silueta. Po\u021bi opta pentru un corset cu dantel\u0103 \u0219i o fust\u0103 plisat\u0103, care s\u0103 \u00ee\u021bi ofere un aer boem \u0219i romantic. Sau po\u021bi alege o rochie cu o croial\u0103 sirena, care s\u0103 \u00ee\u021bi pun\u0103 \u00een eviden\u021b\u0103 formele \u0219i s\u0103 \u00ee\u021bi ofere un look sofisticat \u0219i elegant.<\/p>\n<p>La fel de important\u0103 este \u0219i alegerea culorii rochiei. Pentru o ceremonie la mare, po\u021bi opta pentru o rochie alb\u0103, dar po\u021bi alege \u0219i nuan\u021be pastelate, precum roz, alb\u0103stru sau verde. La o ceremonie la munte, po\u021bi alege o rochie mai \u00eenchis\u0103, precum bleumarinul, verdele \u00eenchis sau burgundy.<\/p>\n<p>\u0218i nu uita s\u0103 adaugi accesoriile potrivite pentru a completa look-ul t\u0103u. Pentru o ceremonie la mare, po\u021bi alege sandalele cu toc mic \u0219i p\u0103rul prins \u00eentr-o coad\u0103 lejer\u0103 sau \u00een bucle lejere. La o ceremonie la munte, po\u021bi opta pentru o pereche de cizme peste genunchi \u0219i o coafur\u0103 mai sofisticat\u0103, precum un coc elegant sau o coafur\u0103 cu bucle lejere.<\/p>\n<p>A\u0219a c\u0103, drag\u0103 mireas\u0103, ai acum toate informa\u021biile necesare pentru a alege cea mai elegant\u0103 rochie de nunta midi pentru ceremonii la mare \u0219i la munte. Nu uita s\u0103 te g\u00e2nde\u0219ti \u0219i la confortul t\u0103u \u00een timpul ceremoniei \u0219i s\u0103 alegi o rochie care s\u0103 te reprezinte \u0219i s\u0103 te fac\u0103 s\u0103 te sim\u021bi \u00eencrez\u0103toare \u0219i frumoas\u0103. Fii preg\u0103tit\u0103 s\u0103 str\u0103luce\u0219ti \u00een cel mai important moment al vie\u021bii tale!<\/p>\n","protected":false},"excerpt":{"rendered":"<p>Bine ai venit \u00een lumea minunat\u0103 a nun\u021bilor! Dac\u0103 ai ajuns aici, cu siguran\u021b\u0103 c\u0103 \u00ee\u021bi dore\u0219ti s\u0103 afli cea mai elegant\u0103 \u0219i potrivit\u0103 rochie de mireas\u0103 pentru ceremonia ta de la mare \u0219i de la munte. Fie c\u0103 alegi s\u0103 \u00ee\u021bi spui \u201eda\u201d pe plaj\u0103 sau pe v\u00e2rful unui munte, trebuie s\u0103 fii preg\u0103tit\u0103 [&hellip;]<\/p>\n","protected":false},"author":1,"featured_media":0,"comment_status":"open","ping_status":"open","sticky":false,"template":"","format":"standard","meta":{"footnotes":""},"categories":[1],"tags":[],"class_list":["post-237","post","type-post","status-publish","format-standard","hentry","category-generale"],"yoast_head":"<!-- This site is optimized with the Yoast SEO plugin v27.5 - https:\/\/yoast.com\/product\/yoast-seo-wordpress\/ -->\n<title>Cele mai elegante rochii de nunta midi pentru ceremonii la mare si la munte - Abella.ro<\/title>\n<meta name=\"robots\" content=\"index, follow, max-snippet:-1, max-image-preview:large, max-video-preview:-1\" \/>\n<link rel=\"canonical\" href=\"https:\/\/abella.ro\/blog\/cele-mai-elegante-rochii-de-nunta-midi-pentru-ceremonii-la-mare-si-la-munte\/\" \/>\n<meta property=\"og:locale\" content=\"ro_RO\" \/>\n<meta property=\"og:type\" content=\"article\" \/>\n<meta property=\"og:title\" content=\"Cele mai elegante rochii de nunta midi pentru ceremonii la mare si la munte - Abella.ro\" \/>\n<meta property=\"og:description\" content=\"Bine ai venit \u00een lumea minunat\u0103 a nun\u021bilor! Dac\u0103 ai ajuns aici, cu siguran\u021b\u0103 c\u0103 \u00ee\u021bi dore\u0219ti s\u0103 afli cea mai elegant\u0103 \u0219i potrivit\u0103 rochie de mireas\u0103 pentru ceremonia ta de la mare \u0219i de la munte. Fie c\u0103 alegi s\u0103 \u00ee\u021bi spui \u201eda\u201d pe plaj\u0103 sau pe v\u00e2rful unui munte, trebuie s\u0103 fii preg\u0103tit\u0103 [&hellip;]\" \/>\n<meta property=\"og:url\" content=\"https:\/\/abella.ro\/blog\/cele-mai-elegante-rochii-de-nunta-midi-pentru-ceremonii-la-mare-si-la-munte\/\" \/>\n<meta property=\"og:site_name\" content=\"Abella.ro\" \/>\n<meta property=\"article:published_time\" content=\"2024-04-17T06:27:59+00:00\" \/>\n<meta name=\"author\" content=\"Ioana\" \/>\n<meta name=\"twitter:card\" content=\"summary_large_image\" \/>\n<meta name=\"twitter:label1\" content=\"Scris de\" \/>\n\t<meta name=\"twitter:data1\" content=\"Ioana\" \/>\n\t<meta name=\"twitter:label2\" content=\"Timp estimat pentru citire\" \/>\n\t<meta name=\"twitter:data2\" content=\"3 minute\" \/>\n<script type=\"application\/ld+json\" class=\"yoast-schema-graph\">{\"@context\":\"https:\\\/\\\/schema.org\",\"@graph\":[{\"@type\":\"Article\",\"@id\":\"https:\\\/\\\/abella.ro\\\/blog\\\/cele-mai-elegante-rochii-de-nunta-midi-pentru-ceremonii-la-mare-si-la-munte\\\/#article\",\"isPartOf\":{\"@id\":\"https:\\\/\\\/abella.ro\\\/blog\\\/cele-mai-elegante-rochii-de-nunta-midi-pentru-ceremonii-la-mare-si-la-munte\\\/\"},\"author\":{\"name\":\"Ioana\",\"@id\":\"https:\\\/\\\/abella.ro\\\/blog\\\/#\\\/schema\\\/person\\\/58123f82c16640c4b9ef52150c2ca64f\"},\"headline\":\"Cele mai elegante rochii de nunta midi pentru ceremonii la mare si la munte\",\"datePublished\":\"2024-04-17T06:27:59+00:00\",\"mainEntityOfPage\":{\"@id\":\"https:\\\/\\\/abella.ro\\\/blog\\\/cele-mai-elegante-rochii-de-nunta-midi-pentru-ceremonii-la-mare-si-la-munte\\\/\"},\"wordCount\":681,\"commentCount\":0,\"publisher\":{\"@id\":\"https:\\\/\\\/abella.ro\\\/blog\\\/#organization\"},\"articleSection\":[\"Generale\"],\"inLanguage\":\"ro-RO\",\"potentialAction\":[{\"@type\":\"CommentAction\",\"name\":\"Comment\",\"target\":[\"https:\\\/\\\/abella.ro\\\/blog\\\/cele-mai-elegante-rochii-de-nunta-midi-pentru-ceremonii-la-mare-si-la-munte\\\/#respond\"]}]},{\"@type\":\"WebPage\",\"@id\":\"https:\\\/\\\/abella.ro\\\/blog\\\/cele-mai-elegante-rochii-de-nunta-midi-pentru-ceremonii-la-mare-si-la-munte\\\/\",\"url\":\"https:\\\/\\\/abella.ro\\\/blog\\\/cele-mai-elegante-rochii-de-nunta-midi-pentru-ceremonii-la-mare-si-la-munte\\\/\",\"name\":\"Cele mai elegante rochii de nunta midi pentru ceremonii la mare si la munte - Abella.ro\",\"isPartOf\":{\"@id\":\"https:\\\/\\\/abella.ro\\\/blog\\\/#website\"},\"datePublished\":\"2024-04-17T06:27:59+00:00\",\"breadcrumb\":{\"@id\":\"https:\\\/\\\/abella.ro\\\/blog\\\/cele-mai-elegante-rochii-de-nunta-midi-pentru-ceremonii-la-mare-si-la-munte\\\/#breadcrumb\"},\"inLanguage\":\"ro-RO\",\"potentialAction\":[{\"@type\":\"ReadAction\",\"target\":[\"https:\\\/\\\/abella.ro\\\/blog\\\/cele-mai-elegante-rochii-de-nunta-midi-pentru-ceremonii-la-mare-si-la-munte\\\/\"]}]},{\"@type\":\"BreadcrumbList\",\"@id\":\"https:\\\/\\\/abella.ro\\\/blog\\\/cele-mai-elegante-rochii-de-nunta-midi-pentru-ceremonii-la-mare-si-la-munte\\\/#breadcrumb\",\"itemListElement\":[{\"@type\":\"ListItem\",\"position\":1,\"name\":\"Prima pagin\u0103\",\"item\":\"https:\\\/\\\/abella.ro\\\/blog\\\/\"},{\"@type\":\"ListItem\",\"position\":2,\"name\":\"Cele mai elegante rochii de nunta midi pentru ceremonii la mare si la munte\"}]},{\"@type\":\"WebSite\",\"@id\":\"https:\\\/\\\/abella.ro\\\/blog\\\/#website\",\"url\":\"https:\\\/\\\/abella.ro\\\/blog\\\/\",\"name\":\"Abella.ro\",\"description\":\"Blog Fashion\",\"publisher\":{\"@id\":\"https:\\\/\\\/abella.ro\\\/blog\\\/#organization\"},\"potentialAction\":[{\"@type\":\"SearchAction\",\"target\":{\"@type\":\"EntryPoint\",\"urlTemplate\":\"https:\\\/\\\/abella.ro\\\/blog\\\/?s={search_term_string}\"},\"query-input\":{\"@type\":\"PropertyValueSpecification\",\"valueRequired\":true,\"valueName\":\"search_term_string\"}}],\"inLanguage\":\"ro-RO\"},{\"@type\":\"Organization\",\"@id\":\"https:\\\/\\\/abella.ro\\\/blog\\\/#organization\",\"name\":\"Abella.ro\",\"url\":\"https:\\\/\\\/abella.ro\\\/blog\\\/\",\"logo\":{\"@type\":\"ImageObject\",\"inLanguage\":\"ro-RO\",\"@id\":\"https:\\\/\\\/abella.ro\\\/blog\\\/#\\\/schema\\\/logo\\\/image\\\/\",\"url\":\"https:\\\/\\\/abella.ro\\\/blog\\\/wp-content\\\/uploads\\\/2023\\\/02\\\/abella-logo.png\",\"contentUrl\":\"https:\\\/\\\/abella.ro\\\/blog\\\/wp-content\\\/uploads\\\/2023\\\/02\\\/abella-logo.png\",\"width\":190,\"height\":114,\"caption\":\"Abella.ro\"},\"image\":{\"@id\":\"https:\\\/\\\/abella.ro\\\/blog\\\/#\\\/schema\\\/logo\\\/image\\\/\"}},{\"@type\":\"Person\",\"@id\":\"https:\\\/\\\/abella.ro\\\/blog\\\/#\\\/schema\\\/person\\\/58123f82c16640c4b9ef52150c2ca64f\",\"name\":\"Ioana\",\"image\":{\"@type\":\"ImageObject\",\"inLanguage\":\"ro-RO\",\"@id\":\"https:\\\/\\\/secure.gravatar.com\\\/avatar\\\/8936b50e80d3907fb564464c73a64b31860b5f60095d18a44091828042476c61?s=96&d=mm&r=g\",\"url\":\"https:\\\/\\\/secure.gravatar.com\\\/avatar\\\/8936b50e80d3907fb564464c73a64b31860b5f60095d18a44091828042476c61?s=96&d=mm&r=g\",\"contentUrl\":\"https:\\\/\\\/secure.gravatar.com\\\/avatar\\\/8936b50e80d3907fb564464c73a64b31860b5f60095d18a44091828042476c61?s=96&d=mm&r=g\",\"caption\":\"Ioana\"},\"sameAs\":[\"https:\\\/\\\/abella.ro\\\/blog\"],\"url\":\"https:\\\/\\\/abella.ro\\\/blog\\\/author\\\/ioana\\\/\"}]}<\/script>\n<!-- \/ Yoast SEO plugin. -->","yoast_head_json":{"title":"Cele mai elegante rochii de nunta midi pentru ceremonii la mare si la munte - Abella.ro","robots":{"index":"index","follow":"follow","max-snippet":"max-snippet:-1","max-image-preview":"max-image-preview:large","max-video-preview":"max-video-preview:-1"},"canonical":"https:\/\/abella.ro\/blog\/cele-mai-elegante-rochii-de-nunta-midi-pentru-ceremonii-la-mare-si-la-munte\/","og_locale":"ro_RO","og_type":"article","og_title":"Cele mai elegante rochii de nunta midi pentru ceremonii la mare si la munte - Abella.ro","og_description":"Bine ai venit \u00een lumea minunat\u0103 a nun\u021bilor! Dac\u0103 ai ajuns aici, cu siguran\u021b\u0103 c\u0103 \u00ee\u021bi dore\u0219ti s\u0103 afli cea mai elegant\u0103 \u0219i potrivit\u0103 rochie de mireas\u0103 pentru ceremonia ta de la mare \u0219i de la munte. Fie c\u0103 alegi s\u0103 \u00ee\u021bi spui \u201eda\u201d pe plaj\u0103 sau pe v\u00e2rful unui munte, trebuie s\u0103 fii preg\u0103tit\u0103 [&hellip;]","og_url":"https:\/\/abella.ro\/blog\/cele-mai-elegante-rochii-de-nunta-midi-pentru-ceremonii-la-mare-si-la-munte\/","og_site_name":"Abella.ro","article_published_time":"2024-04-17T06:27:59+00:00","author":"Ioana","twitter_card":"summary_large_image","twitter_misc":{"Scris de":"Ioana","Timp estimat pentru citire":"3 minute"},"schema":{"@context":"https:\/\/schema.org","@graph":[{"@type":"Article","@id":"https:\/\/abella.ro\/blog\/cele-mai-elegante-rochii-de-nunta-midi-pentru-ceremonii-la-mare-si-la-munte\/#article","isPartOf":{"@id":"https:\/\/abella.ro\/blog\/cele-mai-elegante-rochii-de-nunta-midi-pentru-ceremonii-la-mare-si-la-munte\/"},"author":{"name":"Ioana","@id":"https:\/\/abella.ro\/blog\/#\/schema\/person\/58123f82c16640c4b9ef52150c2ca64f"},"headline":"Cele mai elegante rochii de nunta midi pentru ceremonii la mare si la munte","datePublished":"2024-04-17T06:27:59+00:00","mainEntityOfPage":{"@id":"https:\/\/abella.ro\/blog\/cele-mai-elegante-rochii-de-nunta-midi-pentru-ceremonii-la-mare-si-la-munte\/"},"wordCount":681,"commentCount":0,"publisher":{"@id":"https:\/\/abella.ro\/blog\/#organization"},"articleSection":["Generale"],"inLanguage":"ro-RO","potentialAction":[{"@type":"CommentAction","name":"Comment","target":["https:\/\/abella.ro\/blog\/cele-mai-elegante-rochii-de-nunta-midi-pentru-ceremonii-la-mare-si-la-munte\/#respond"]}]},{"@type":"WebPage","@id":"https:\/\/abella.ro\/blog\/cele-mai-elegante-rochii-de-nunta-midi-pentru-ceremonii-la-mare-si-la-munte\/","url":"https:\/\/abella.ro\/blog\/cele-mai-elegante-rochii-de-nunta-midi-pentru-ceremonii-la-mare-si-la-munte\/","name":"Cele mai elegante rochii de nunta midi pentru ceremonii la mare si la munte - Abella.ro","isPartOf":{"@id":"https:\/\/abella.ro\/blog\/#website"},"datePublished":"2024-04-17T06:27:59+00:00","breadcrumb":{"@id":"https:\/\/abella.ro\/blog\/cele-mai-elegante-rochii-de-nunta-midi-pentru-ceremonii-la-mare-si-la-munte\/#breadcrumb"},"inLanguage":"ro-RO","potentialAction":[{"@type":"ReadAction","target":["https:\/\/abella.ro\/blog\/cele-mai-elegante-rochii-de-nunta-midi-pentru-ceremonii-la-mare-si-la-munte\/"]}]},{"@type":"BreadcrumbList","@id":"https:\/\/abella.ro\/blog\/cele-mai-elegante-rochii-de-nunta-midi-pentru-ceremonii-la-mare-si-la-munte\/#breadcrumb","itemListElement":[{"@type":"ListItem","position":1,"name":"Prima pagin\u0103","item":"https:\/\/abella.ro\/blog\/"},{"@type":"ListItem","position":2,"name":"Cele mai elegante rochii de nunta midi pentru ceremonii la mare si la munte"}]},{"@type":"WebSite","@id":"https:\/\/abella.ro\/blog\/#website","url":"https:\/\/abella.ro\/blog\/","name":"Abella.ro","description":"Blog Fashion","publisher":{"@id":"https:\/\/abella.ro\/blog\/#organization"},"potentialAction":[{"@type":"SearchAction","target":{"@type":"EntryPoint","urlTemplate":"https:\/\/abella.ro\/blog\/?s={search_term_string}"},"query-input":{"@type":"PropertyValueSpecification","valueRequired":true,"valueName":"search_term_string"}}],"inLanguage":"ro-RO"},{"@type":"Organization","@id":"https:\/\/abella.ro\/blog\/#organization","name":"Abella.ro","url":"https:\/\/abella.ro\/blog\/","logo":{"@type":"ImageObject","inLanguage":"ro-RO","@id":"https:\/\/abella.ro\/blog\/#\/schema\/logo\/image\/","url":"https:\/\/abella.ro\/blog\/wp-content\/uploads\/2023\/02\/abella-logo.png","contentUrl":"https:\/\/abella.ro\/blog\/wp-content\/uploads\/2023\/02\/abella-logo.png","width":190,"height":114,"caption":"Abella.ro"},"image":{"@id":"https:\/\/abella.ro\/blog\/#\/schema\/logo\/image\/"}},{"@type":"Person","@id":"https:\/\/abella.ro\/blog\/#\/schema\/person\/58123f82c16640c4b9ef52150c2ca64f","name":"Ioana","image":{"@type":"ImageObject","inLanguage":"ro-RO","@id":"https:\/\/secure.gravatar.com\/avatar\/8936b50e80d3907fb564464c73a64b31860b5f60095d18a44091828042476c61?s=96&d=mm&r=g","url":"https:\/\/secure.gravatar.com\/avatar\/8936b50e80d3907fb564464c73a64b31860b5f60095d18a44091828042476c61?s=96&d=mm&r=g","contentUrl":"https:\/\/secure.gravatar.com\/avatar\/8936b50e80d3907fb564464c73a64b31860b5f60095d18a44091828042476c61?s=96&d=mm&r=g","caption":"Ioana"},"sameAs":["https:\/\/abella.ro\/blog"],"url":"https:\/\/abella.ro\/blog\/author\/ioana\/"}]}},"amp_enabled":true,"_links":{"self":[{"href":"https:\/\/abella.ro\/blog\/wp-json\/wp\/v2\/posts\/237","targetHints":{"allow":["GET"]}}],"collection":[{"href":"https:\/\/abella.ro\/blog\/wp-json\/wp\/v2\/posts"}],"about":[{"href":"https:\/\/abella.ro\/blog\/wp-json\/wp\/v2\/types\/post"}],"author":[{"embeddable":true,"href":"https:\/\/abella.ro\/blog\/wp-json\/wp\/v2\/users\/1"}],"replies":[{"embeddable":true,"href":"https:\/\/abella.ro\/blog\/wp-json\/wp\/v2\/comments?post=237"}],"version-history":[{"count":0,"href":"https:\/\/abella.ro\/blog\/wp-json\/wp\/v2\/posts\/237\/revisions"}],"wp:attachment":[{"href":"https:\/\/abella.ro\/blog\/wp-json\/wp\/v2\/media?parent=237"}],"wp:term":[{"taxonomy":"category","embeddable":true,"href":"https:\/\/abella.ro\/blog\/wp-json\/wp\/v2\/categories?post=237"},{"taxonomy":"post_tag","embeddable":true,"href":"https:\/\/abella.ro\/blog\/wp-json\/wp\/v2\/tags?post=237"}],"curies":[{"name":"wp","href":"https:\/\/api.w.org\/{rel}","templated":true}]}}