{"id":249,"date":"2024-04-17T06:34:07","date_gmt":"2024-04-17T06:34:07","guid":{"rendered":"https:\/\/abella.ro\/blog\/cele-mai-elegante-rochii-de-seara-pentru-petreceri-de-revelion-si-evenimente-mondene-la-inceput-de-an\/"},"modified":"2024-05-13T05:12:29","modified_gmt":"2024-05-13T05:12:29","slug":"cele-mai-elegante-rochii-de-seara-pentru-petreceri-de-revelion-si-evenimente-mondene-la-inceput-de-an","status":"publish","type":"post","link":"https:\/\/abella.ro\/blog\/cele-mai-elegante-rochii-de-seara-pentru-petreceri-de-revelion-si-evenimente-mondene-la-inceput-de-an\/","title":{"rendered":"Cele mai elegante rochii de seara pentru petreceri de Revelion si evenimente mondene la inceput de an."},"content":{"rendered":"<h1>Cele mai elegante rochii de sear\u0103 pentru petreceri de Revelion \u0219i evenimente mondene la \u00eenceput de an<\/h1>\n<h2>Introducere<\/h2>\n<p>Cu to\u021bii \u0219tim c\u0103 Revelionul \u0219i \u00eenceputul unui nou an sunt momente speciale \u00een care ne dorim s\u0103 ar\u0103t\u0103m \u0219i s\u0103 ne sim\u021bim c\u00e2t mai bine. \u0218i cum altfel s\u0103 facem asta dac\u0103 nu prin alegerea unei rochii de sear\u0103 elegante \u0219i spectaculoase? Fie c\u0103 este vorba de o petrecere de Revelion sau de un eveniment mondene, este esen\u021bial s\u0103 alegem o rochie care s\u0103 ne reprezinte \u0219i s\u0103 ne fac\u0103 s\u0103 str\u0103lucim.<\/p>\n<h2>Importan\u021ba alegerii unei rochii de sear\u0103 elegante<\/h2>\n<p>De ce este at\u00e2t de important s\u0103 ne \u00eembr\u0103c\u0103m \u00eentr-o rochie de sear\u0103 elegant\u0103 pentru petrecerile de Revelion \u0219i evenimentele mondene de la \u00eenceput de an? Ei bine, \u00een primul r\u00e2nd, o astfel de rochie ne va face s\u0103 ne sim\u021bim \u00eencrez\u0103toare \u0219i frumoase, ceea ce se va reflecta \u00een atitudinea noastr\u0103 \u0219i ne va face s\u0103 ne bucur\u0103m de fiecare moment al evenimentului. \u00cen plus, o rochie elegant\u0103 poate fi \u0219i o modalitate de a ne face remarcate \u00een mul\u021bime \u0219i de a ne face s\u0103 ne sim\u021bim speciale \u0219i unice.<\/p>\n<h2>Cum s\u0103 alegi rochia perfect\u0103 pentru Revelion \u0219i evenimentele mondene<\/h2>\n<p>Pentru a alege rochia perfect\u0103 pentru Revelion \u0219i evenimentele mondene de la \u00eenceput de an, este important s\u0103 \u021binem cont de c\u00e2teva aspecte importante. \u00cen primul r\u00e2nd, trebuie s\u0103 avem \u00een vedere tema evenimentului \u0219i dress code-ul impus. Dac\u0103 este o petrecere cu tematic\u0103, alegerea unei rochii care s\u0103 se potriveasc\u0103 cu tema poate fi o idee excelent\u0103.<\/p>\n<p>De asemenea, trebuie s\u0103 \u021binem cont \u0219i de forma corpului nostru \u0219i s\u0103 alegem o rochie care s\u0103 ne avantajeze. Pentru femeile cu forme, o rochie cu croial\u0103 \u00een form\u0103 de A poate fi o alegere potrivit\u0103, \u00een timp ce pentru cele mai slabe, o rochie cu talie marcant\u0103 \u0219i fust\u0103 ampl\u0103 poate crea iluzia de siluet\u0103 \u00een form\u0103 de clepsidr\u0103.<\/p>\n<p>Nu \u00een ultimul r\u00e2nd, trebuie s\u0103 avem \u00een vedere \u0219i culorile care ne avantajeaz\u0103. Dac\u0103 suntem blonde, putem opta pentru culori deschise precum roz, alb sau nude, \u00een timp ce brunetele pot alege cu \u00eencredere rochii \u00een nuan\u021be de negru, ro\u0219u sau bleumarin.<\/p>\n<h2>Cele mai elegante rochii de sear\u0103 pentru Revelion \u0219i evenimente mondene<\/h2>\n<p>1. Rochie lung\u0103 din catifea &#8211; un clasic al elegan\u021bei, o rochie lung\u0103 din catifea \u00eentr-o nuan\u021b\u0103 \u00eenchis\u0103 poate fi o alegere perfect\u0103 pentru o petrecere de Revelion sau un eveniment mondene. Aceast\u0103 rochie va crea o siluet\u0103 feminin\u0103 \u0219i elegant\u0103, iar materialul catifelat va ad\u0103uga o not\u0103 de rafinament.<\/p>\n<p>2. Rochie cu paiete &#8211; pentru cele care doresc s\u0103 ias\u0103 \u00een eviden\u021b\u0103 \u0219i s\u0103 str\u0103luceasc\u0103, o rochie cu paiete poate fi o alegere \u00eendr\u0103znea\u021b\u0103 \u0219i spectaculoas\u0103. Poate fi o rochie scurt\u0103 sau lung\u0103, \u00een func\u021bie de preferin\u021be, dar cu siguran\u021b\u0103 va atrage toate privirile.<\/p>\n<p>3. Rochie tip siren\u0103 &#8211; un model care a fost \u00een tendin\u021be \u00een ultimii ani \u0219i care continu\u0103 s\u0103 fie o alegere popular\u0103 pentru evenimentele mondene. Aceast\u0103 rochie se muleaz\u0103 perfect pe formele corpului, eviden\u021biindu-le \u00eentr-un mod elegant \u0219i rafinat.<\/p>\n<p>4. Rochie cu m\u00e2neci bufante &#8211; o alegere perfect\u0103 pentru cele care doresc s\u0103 adauge un aer romantic \u0219i elegant \u021binutei lor. M\u00e2necile bufante sunt un trend \u00een acest sezon \u0219i pot fi g\u0103site \u00een diferite modele de rochii de sear\u0103.<\/p>\n<p>5. Rochie cu spatele gol &#8211; pentru cele care vor s\u0103 se simt\u0103 sexy \u0219i \u00eendr\u0103zne\u021be, o rochie cu spatele gol poate fi o alegere inspirat\u0103. Poate fi o rochie cu croial\u0103 simpl\u0103 sau poate avea detalii precum dantel\u0103 sau paiete, pentru un plus de elegan\u021b\u0103.<\/p>\n<h2>Concluzie<\/h2>\n<p>\u00cen concluzie, pentru a str\u0103luci la petrecerile de Revelion \u0219i evenimentele mondene de la \u00eenceput de an, alegerea unei rochii de sear\u0103 elegante este esen\u021bial\u0103. \u021ain\u00e2nd cont de tem\u0103, dress code, forma corpului \u0219i culorile care ne avantajeaz\u0103, vom putea alege cu u\u0219urin\u021b\u0103 rochia perfect\u0103 pentru a ne face s\u0103 ne sim\u021bim speciale \u0219i frumoase. A\u0219adar, nu uita\u021bi s\u0103 ad\u0103uga\u021bi o not\u0103 de elegan\u021b\u0103 \u0219i rafinament \u021binutei voastre \u0219i ve\u021bi str\u0103luci \u00een orice moment!<\/p>\n","protected":false},"excerpt":{"rendered":"<p>Cele mai elegante rochii de sear\u0103 pentru petreceri de Revelion \u0219i evenimente mondene la \u00eenceput de an Introducere Cu to\u021bii \u0219tim c\u0103 Revelionul \u0219i \u00eenceputul unui nou an sunt momente speciale \u00een care ne dorim s\u0103 ar\u0103t\u0103m \u0219i s\u0103 ne sim\u021bim c\u00e2t mai bine. \u0218i cum altfel s\u0103 facem asta dac\u0103 nu prin alegerea unei [&hellip;]<\/p>\n","protected":false},"author":1,"featured_media":50,"comment_status":"open","ping_status":"open","sticky":false,"template":"","format":"standard","meta":{"footnotes":""},"categories":[1],"tags":[],"class_list":["post-249","post","type-post","status-publish","format-standard","has-post-thumbnail","hentry","category-generale"],"yoast_head":"<!-- This site is optimized with the Yoast SEO plugin v27.5 - https:\/\/yoast.com\/product\/yoast-seo-wordpress\/ -->\n<title>Cele mai elegante rochii de seara pentru petreceri de Revelion si evenimente mondene la inceput de an. - Abella.ro<\/title>\n<meta name=\"robots\" content=\"index, follow, max-snippet:-1, max-image-preview:large, max-video-preview:-1\" \/>\n<link rel=\"canonical\" href=\"https:\/\/abella.ro\/blog\/cele-mai-elegante-rochii-de-seara-pentru-petreceri-de-revelion-si-evenimente-mondene-la-inceput-de-an\/\" \/>\n<meta property=\"og:locale\" content=\"ro_RO\" \/>\n<meta property=\"og:type\" content=\"article\" \/>\n<meta property=\"og:title\" content=\"Cele mai elegante rochii de seara pentru petreceri de Revelion si evenimente mondene la inceput de an. - Abella.ro\" \/>\n<meta property=\"og:description\" content=\"Cele mai elegante rochii de sear\u0103 pentru petreceri de Revelion \u0219i evenimente mondene la \u00eenceput de an Introducere Cu to\u021bii \u0219tim c\u0103 Revelionul \u0219i \u00eenceputul unui nou an sunt momente speciale \u00een care ne dorim s\u0103 ar\u0103t\u0103m \u0219i s\u0103 ne sim\u021bim c\u00e2t mai bine. \u0218i cum altfel s\u0103 facem asta dac\u0103 nu prin alegerea unei [&hellip;]\" \/>\n<meta property=\"og:url\" content=\"https:\/\/abella.ro\/blog\/cele-mai-elegante-rochii-de-seara-pentru-petreceri-de-revelion-si-evenimente-mondene-la-inceput-de-an\/\" \/>\n<meta property=\"og:site_name\" content=\"Abella.ro\" \/>\n<meta property=\"article:published_time\" content=\"2024-04-17T06:34:07+00:00\" \/>\n<meta property=\"article:modified_time\" content=\"2024-05-13T05:12:29+00:00\" \/>\n<meta property=\"og:image\" content=\"https:\/\/abella.ro\/blog\/wp-content\/uploads\/2023\/02\/curiozitati-rochii-seara.jpg\" \/>\n\t<meta property=\"og:image:width\" content=\"850\" \/>\n\t<meta property=\"og:image:height\" content=\"566\" \/>\n\t<meta property=\"og:image:type\" content=\"image\/jpeg\" \/>\n<meta name=\"author\" content=\"Ioana\" \/>\n<meta name=\"twitter:card\" content=\"summary_large_image\" \/>\n<meta name=\"twitter:label1\" content=\"Scris de\" \/>\n\t<meta name=\"twitter:data1\" content=\"Ioana\" \/>\n\t<meta name=\"twitter:label2\" content=\"Timp estimat pentru citire\" \/>\n\t<meta name=\"twitter:data2\" content=\"4 minute\" \/>\n<script type=\"application\/ld+json\" class=\"yoast-schema-graph\">{\"@context\":\"https:\\\/\\\/schema.org\",\"@graph\":[{\"@type\":\"Article\",\"@id\":\"https:\\\/\\\/abella.ro\\\/blog\\\/cele-mai-elegante-rochii-de-seara-pentru-petreceri-de-revelion-si-evenimente-mondene-la-inceput-de-an\\\/#article\",\"isPartOf\":{\"@id\":\"https:\\\/\\\/abella.ro\\\/blog\\\/cele-mai-elegante-rochii-de-seara-pentru-petreceri-de-revelion-si-evenimente-mondene-la-inceput-de-an\\\/\"},\"author\":{\"name\":\"Ioana\",\"@id\":\"https:\\\/\\\/abella.ro\\\/blog\\\/#\\\/schema\\\/person\\\/58123f82c16640c4b9ef52150c2ca64f\"},\"headline\":\"Cele mai elegante rochii de seara pentru petreceri de Revelion si evenimente mondene la inceput de an.\",\"datePublished\":\"2024-04-17T06:34:07+00:00\",\"dateModified\":\"2024-05-13T05:12:29+00:00\",\"mainEntityOfPage\":{\"@id\":\"https:\\\/\\\/abella.ro\\\/blog\\\/cele-mai-elegante-rochii-de-seara-pentru-petreceri-de-revelion-si-evenimente-mondene-la-inceput-de-an\\\/\"},\"wordCount\":728,\"commentCount\":0,\"publisher\":{\"@id\":\"https:\\\/\\\/abella.ro\\\/blog\\\/#organization\"},\"image\":{\"@id\":\"https:\\\/\\\/abella.ro\\\/blog\\\/cele-mai-elegante-rochii-de-seara-pentru-petreceri-de-revelion-si-evenimente-mondene-la-inceput-de-an\\\/#primaryimage\"},\"thumbnailUrl\":\"https:\\\/\\\/abella.ro\\\/blog\\\/wp-content\\\/uploads\\\/2023\\\/02\\\/curiozitati-rochii-seara.jpg\",\"articleSection\":[\"Generale\"],\"inLanguage\":\"ro-RO\",\"potentialAction\":[{\"@type\":\"CommentAction\",\"name\":\"Comment\",\"target\":[\"https:\\\/\\\/abella.ro\\\/blog\\\/cele-mai-elegante-rochii-de-seara-pentru-petreceri-de-revelion-si-evenimente-mondene-la-inceput-de-an\\\/#respond\"]}]},{\"@type\":\"WebPage\",\"@id\":\"https:\\\/\\\/abella.ro\\\/blog\\\/cele-mai-elegante-rochii-de-seara-pentru-petreceri-de-revelion-si-evenimente-mondene-la-inceput-de-an\\\/\",\"url\":\"https:\\\/\\\/abella.ro\\\/blog\\\/cele-mai-elegante-rochii-de-seara-pentru-petreceri-de-revelion-si-evenimente-mondene-la-inceput-de-an\\\/\",\"name\":\"Cele mai elegante rochii de seara pentru petreceri de Revelion si evenimente mondene la inceput de an. - Abella.ro\",\"isPartOf\":{\"@id\":\"https:\\\/\\\/abella.ro\\\/blog\\\/#website\"},\"primaryImageOfPage\":{\"@id\":\"https:\\\/\\\/abella.ro\\\/blog\\\/cele-mai-elegante-rochii-de-seara-pentru-petreceri-de-revelion-si-evenimente-mondene-la-inceput-de-an\\\/#primaryimage\"},\"image\":{\"@id\":\"https:\\\/\\\/abella.ro\\\/blog\\\/cele-mai-elegante-rochii-de-seara-pentru-petreceri-de-revelion-si-evenimente-mondene-la-inceput-de-an\\\/#primaryimage\"},\"thumbnailUrl\":\"https:\\\/\\\/abella.ro\\\/blog\\\/wp-content\\\/uploads\\\/2023\\\/02\\\/curiozitati-rochii-seara.jpg\",\"datePublished\":\"2024-04-17T06:34:07+00:00\",\"dateModified\":\"2024-05-13T05:12:29+00:00\",\"breadcrumb\":{\"@id\":\"https:\\\/\\\/abella.ro\\\/blog\\\/cele-mai-elegante-rochii-de-seara-pentru-petreceri-de-revelion-si-evenimente-mondene-la-inceput-de-an\\\/#breadcrumb\"},\"inLanguage\":\"ro-RO\",\"potentialAction\":[{\"@type\":\"ReadAction\",\"target\":[\"https:\\\/\\\/abella.ro\\\/blog\\\/cele-mai-elegante-rochii-de-seara-pentru-petreceri-de-revelion-si-evenimente-mondene-la-inceput-de-an\\\/\"]}]},{\"@type\":\"ImageObject\",\"inLanguage\":\"ro-RO\",\"@id\":\"https:\\\/\\\/abella.ro\\\/blog\\\/cele-mai-elegante-rochii-de-seara-pentru-petreceri-de-revelion-si-evenimente-mondene-la-inceput-de-an\\\/#primaryimage\",\"url\":\"https:\\\/\\\/abella.ro\\\/blog\\\/wp-content\\\/uploads\\\/2023\\\/02\\\/curiozitati-rochii-seara.jpg\",\"contentUrl\":\"https:\\\/\\\/abella.ro\\\/blog\\\/wp-content\\\/uploads\\\/2023\\\/02\\\/curiozitati-rochii-seara.jpg\",\"width\":850,\"height\":566},{\"@type\":\"BreadcrumbList\",\"@id\":\"https:\\\/\\\/abella.ro\\\/blog\\\/cele-mai-elegante-rochii-de-seara-pentru-petreceri-de-revelion-si-evenimente-mondene-la-inceput-de-an\\\/#breadcrumb\",\"itemListElement\":[{\"@type\":\"ListItem\",\"position\":1,\"name\":\"Prima pagin\u0103\",\"item\":\"https:\\\/\\\/abella.ro\\\/blog\\\/\"},{\"@type\":\"ListItem\",\"position\":2,\"name\":\"Cele mai elegante rochii de seara pentru petreceri de Revelion si evenimente mondene la inceput de an.\"}]},{\"@type\":\"WebSite\",\"@id\":\"https:\\\/\\\/abella.ro\\\/blog\\\/#website\",\"url\":\"https:\\\/\\\/abella.ro\\\/blog\\\/\",\"name\":\"Abella.ro\",\"description\":\"Blog Fashion\",\"publisher\":{\"@id\":\"https:\\\/\\\/abella.ro\\\/blog\\\/#organization\"},\"potentialAction\":[{\"@type\":\"SearchAction\",\"target\":{\"@type\":\"EntryPoint\",\"urlTemplate\":\"https:\\\/\\\/abella.ro\\\/blog\\\/?s={search_term_string}\"},\"query-input\":{\"@type\":\"PropertyValueSpecification\",\"valueRequired\":true,\"valueName\":\"search_term_string\"}}],\"inLanguage\":\"ro-RO\"},{\"@type\":\"Organization\",\"@id\":\"https:\\\/\\\/abella.ro\\\/blog\\\/#organization\",\"name\":\"Abella.ro\",\"url\":\"https:\\\/\\\/abella.ro\\\/blog\\\/\",\"logo\":{\"@type\":\"ImageObject\",\"inLanguage\":\"ro-RO\",\"@id\":\"https:\\\/\\\/abella.ro\\\/blog\\\/#\\\/schema\\\/logo\\\/image\\\/\",\"url\":\"https:\\\/\\\/abella.ro\\\/blog\\\/wp-content\\\/uploads\\\/2023\\\/02\\\/abella-logo.png\",\"contentUrl\":\"https:\\\/\\\/abella.ro\\\/blog\\\/wp-content\\\/uploads\\\/2023\\\/02\\\/abella-logo.png\",\"width\":190,\"height\":114,\"caption\":\"Abella.ro\"},\"image\":{\"@id\":\"https:\\\/\\\/abella.ro\\\/blog\\\/#\\\/schema\\\/logo\\\/image\\\/\"}},{\"@type\":\"Person\",\"@id\":\"https:\\\/\\\/abella.ro\\\/blog\\\/#\\\/schema\\\/person\\\/58123f82c16640c4b9ef52150c2ca64f\",\"name\":\"Ioana\",\"image\":{\"@type\":\"ImageObject\",\"inLanguage\":\"ro-RO\",\"@id\":\"https:\\\/\\\/secure.gravatar.com\\\/avatar\\\/8936b50e80d3907fb564464c73a64b31860b5f60095d18a44091828042476c61?s=96&d=mm&r=g\",\"url\":\"https:\\\/\\\/secure.gravatar.com\\\/avatar\\\/8936b50e80d3907fb564464c73a64b31860b5f60095d18a44091828042476c61?s=96&d=mm&r=g\",\"contentUrl\":\"https:\\\/\\\/secure.gravatar.com\\\/avatar\\\/8936b50e80d3907fb564464c73a64b31860b5f60095d18a44091828042476c61?s=96&d=mm&r=g\",\"caption\":\"Ioana\"},\"sameAs\":[\"https:\\\/\\\/abella.ro\\\/blog\"],\"url\":\"https:\\\/\\\/abella.ro\\\/blog\\\/author\\\/ioana\\\/\"}]}<\/script>\n<!-- \/ Yoast SEO plugin. -->","yoast_head_json":{"title":"Cele mai elegante rochii de seara pentru petreceri de Revelion si evenimente mondene la inceput de an. - Abella.ro","robots":{"index":"index","follow":"follow","max-snippet":"max-snippet:-1","max-image-preview":"max-image-preview:large","max-video-preview":"max-video-preview:-1"},"canonical":"https:\/\/abella.ro\/blog\/cele-mai-elegante-rochii-de-seara-pentru-petreceri-de-revelion-si-evenimente-mondene-la-inceput-de-an\/","og_locale":"ro_RO","og_type":"article","og_title":"Cele mai elegante rochii de seara pentru petreceri de Revelion si evenimente mondene la inceput de an. - Abella.ro","og_description":"Cele mai elegante rochii de sear\u0103 pentru petreceri de Revelion \u0219i evenimente mondene la \u00eenceput de an Introducere Cu to\u021bii \u0219tim c\u0103 Revelionul \u0219i \u00eenceputul unui nou an sunt momente speciale \u00een care ne dorim s\u0103 ar\u0103t\u0103m \u0219i s\u0103 ne sim\u021bim c\u00e2t mai bine. \u0218i cum altfel s\u0103 facem asta dac\u0103 nu prin alegerea unei [&hellip;]","og_url":"https:\/\/abella.ro\/blog\/cele-mai-elegante-rochii-de-seara-pentru-petreceri-de-revelion-si-evenimente-mondene-la-inceput-de-an\/","og_site_name":"Abella.ro","article_published_time":"2024-04-17T06:34:07+00:00","article_modified_time":"2024-05-13T05:12:29+00:00","og_image":[{"width":850,"height":566,"url":"https:\/\/abella.ro\/blog\/wp-content\/uploads\/2023\/02\/curiozitati-rochii-seara.jpg","type":"image\/jpeg"}],"author":"Ioana","twitter_card":"summary_large_image","twitter_misc":{"Scris de":"Ioana","Timp estimat pentru citire":"4 minute"},"schema":{"@context":"https:\/\/schema.org","@graph":[{"@type":"Article","@id":"https:\/\/abella.ro\/blog\/cele-mai-elegante-rochii-de-seara-pentru-petreceri-de-revelion-si-evenimente-mondene-la-inceput-de-an\/#article","isPartOf":{"@id":"https:\/\/abella.ro\/blog\/cele-mai-elegante-rochii-de-seara-pentru-petreceri-de-revelion-si-evenimente-mondene-la-inceput-de-an\/"},"author":{"name":"Ioana","@id":"https:\/\/abella.ro\/blog\/#\/schema\/person\/58123f82c16640c4b9ef52150c2ca64f"},"headline":"Cele mai elegante rochii de seara pentru petreceri de Revelion si evenimente mondene la inceput de an.","datePublished":"2024-04-17T06:34:07+00:00","dateModified":"2024-05-13T05:12:29+00:00","mainEntityOfPage":{"@id":"https:\/\/abella.ro\/blog\/cele-mai-elegante-rochii-de-seara-pentru-petreceri-de-revelion-si-evenimente-mondene-la-inceput-de-an\/"},"wordCount":728,"commentCount":0,"publisher":{"@id":"https:\/\/abella.ro\/blog\/#organization"},"image":{"@id":"https:\/\/abella.ro\/blog\/cele-mai-elegante-rochii-de-seara-pentru-petreceri-de-revelion-si-evenimente-mondene-la-inceput-de-an\/#primaryimage"},"thumbnailUrl":"https:\/\/abella.ro\/blog\/wp-content\/uploads\/2023\/02\/curiozitati-rochii-seara.jpg","articleSection":["Generale"],"inLanguage":"ro-RO","potentialAction":[{"@type":"CommentAction","name":"Comment","target":["https:\/\/abella.ro\/blog\/cele-mai-elegante-rochii-de-seara-pentru-petreceri-de-revelion-si-evenimente-mondene-la-inceput-de-an\/#respond"]}]},{"@type":"WebPage","@id":"https:\/\/abella.ro\/blog\/cele-mai-elegante-rochii-de-seara-pentru-petreceri-de-revelion-si-evenimente-mondene-la-inceput-de-an\/","url":"https:\/\/abella.ro\/blog\/cele-mai-elegante-rochii-de-seara-pentru-petreceri-de-revelion-si-evenimente-mondene-la-inceput-de-an\/","name":"Cele mai elegante rochii de seara pentru petreceri de Revelion si evenimente mondene la inceput de an. - Abella.ro","isPartOf":{"@id":"https:\/\/abella.ro\/blog\/#website"},"primaryImageOfPage":{"@id":"https:\/\/abella.ro\/blog\/cele-mai-elegante-rochii-de-seara-pentru-petreceri-de-revelion-si-evenimente-mondene-la-inceput-de-an\/#primaryimage"},"image":{"@id":"https:\/\/abella.ro\/blog\/cele-mai-elegante-rochii-de-seara-pentru-petreceri-de-revelion-si-evenimente-mondene-la-inceput-de-an\/#primaryimage"},"thumbnailUrl":"https:\/\/abella.ro\/blog\/wp-content\/uploads\/2023\/02\/curiozitati-rochii-seara.jpg","datePublished":"2024-04-17T06:34:07+00:00","dateModified":"2024-05-13T05:12:29+00:00","breadcrumb":{"@id":"https:\/\/abella.ro\/blog\/cele-mai-elegante-rochii-de-seara-pentru-petreceri-de-revelion-si-evenimente-mondene-la-inceput-de-an\/#breadcrumb"},"inLanguage":"ro-RO","potentialAction":[{"@type":"ReadAction","target":["https:\/\/abella.ro\/blog\/cele-mai-elegante-rochii-de-seara-pentru-petreceri-de-revelion-si-evenimente-mondene-la-inceput-de-an\/"]}]},{"@type":"ImageObject","inLanguage":"ro-RO","@id":"https:\/\/abella.ro\/blog\/cele-mai-elegante-rochii-de-seara-pentru-petreceri-de-revelion-si-evenimente-mondene-la-inceput-de-an\/#primaryimage","url":"https:\/\/abella.ro\/blog\/wp-content\/uploads\/2023\/02\/curiozitati-rochii-seara.jpg","contentUrl":"https:\/\/abella.ro\/blog\/wp-content\/uploads\/2023\/02\/curiozitati-rochii-seara.jpg","width":850,"height":566},{"@type":"BreadcrumbList","@id":"https:\/\/abella.ro\/blog\/cele-mai-elegante-rochii-de-seara-pentru-petreceri-de-revelion-si-evenimente-mondene-la-inceput-de-an\/#breadcrumb","itemListElement":[{"@type":"ListItem","position":1,"name":"Prima pagin\u0103","item":"https:\/\/abella.ro\/blog\/"},{"@type":"ListItem","position":2,"name":"Cele mai elegante rochii de seara pentru petreceri de Revelion si evenimente mondene la inceput de an."}]},{"@type":"WebSite","@id":"https:\/\/abella.ro\/blog\/#website","url":"https:\/\/abella.ro\/blog\/","name":"Abella.ro","description":"Blog Fashion","publisher":{"@id":"https:\/\/abella.ro\/blog\/#organization"},"potentialAction":[{"@type":"SearchAction","target":{"@type":"EntryPoint","urlTemplate":"https:\/\/abella.ro\/blog\/?s={search_term_string}"},"query-input":{"@type":"PropertyValueSpecification","valueRequired":true,"valueName":"search_term_string"}}],"inLanguage":"ro-RO"},{"@type":"Organization","@id":"https:\/\/abella.ro\/blog\/#organization","name":"Abella.ro","url":"https:\/\/abella.ro\/blog\/","logo":{"@type":"ImageObject","inLanguage":"ro-RO","@id":"https:\/\/abella.ro\/blog\/#\/schema\/logo\/image\/","url":"https:\/\/abella.ro\/blog\/wp-content\/uploads\/2023\/02\/abella-logo.png","contentUrl":"https:\/\/abella.ro\/blog\/wp-content\/uploads\/2023\/02\/abella-logo.png","width":190,"height":114,"caption":"Abella.ro"},"image":{"@id":"https:\/\/abella.ro\/blog\/#\/schema\/logo\/image\/"}},{"@type":"Person","@id":"https:\/\/abella.ro\/blog\/#\/schema\/person\/58123f82c16640c4b9ef52150c2ca64f","name":"Ioana","image":{"@type":"ImageObject","inLanguage":"ro-RO","@id":"https:\/\/secure.gravatar.com\/avatar\/8936b50e80d3907fb564464c73a64b31860b5f60095d18a44091828042476c61?s=96&d=mm&r=g","url":"https:\/\/secure.gravatar.com\/avatar\/8936b50e80d3907fb564464c73a64b31860b5f60095d18a44091828042476c61?s=96&d=mm&r=g","contentUrl":"https:\/\/secure.gravatar.com\/avatar\/8936b50e80d3907fb564464c73a64b31860b5f60095d18a44091828042476c61?s=96&d=mm&r=g","caption":"Ioana"},"sameAs":["https:\/\/abella.ro\/blog"],"url":"https:\/\/abella.ro\/blog\/author\/ioana\/"}]}},"amp_enabled":true,"_links":{"self":[{"href":"https:\/\/abella.ro\/blog\/wp-json\/wp\/v2\/posts\/249","targetHints":{"allow":["GET"]}}],"collection":[{"href":"https:\/\/abella.ro\/blog\/wp-json\/wp\/v2\/posts"}],"about":[{"href":"https:\/\/abella.ro\/blog\/wp-json\/wp\/v2\/types\/post"}],"author":[{"embeddable":true,"href":"https:\/\/abella.ro\/blog\/wp-json\/wp\/v2\/users\/1"}],"replies":[{"embeddable":true,"href":"https:\/\/abella.ro\/blog\/wp-json\/wp\/v2\/comments?post=249"}],"version-history":[{"count":1,"href":"https:\/\/abella.ro\/blog\/wp-json\/wp\/v2\/posts\/249\/revisions"}],"predecessor-version":[{"id":266,"href":"https:\/\/abella.ro\/blog\/wp-json\/wp\/v2\/posts\/249\/revisions\/266"}],"wp:featuredmedia":[{"embeddable":true,"href":"https:\/\/abella.ro\/blog\/wp-json\/wp\/v2\/media\/50"}],"wp:attachment":[{"href":"https:\/\/abella.ro\/blog\/wp-json\/wp\/v2\/media?parent=249"}],"wp:term":[{"taxonomy":"category","embeddable":true,"href":"https:\/\/abella.ro\/blog\/wp-json\/wp\/v2\/categories?post=249"},{"taxonomy":"post_tag","embeddable":true,"href":"https:\/\/abella.ro\/blog\/wp-json\/wp\/v2\/tags?post=249"}],"curies":[{"name":"wp","href":"https:\/\/api.w.org\/{rel}","templated":true}]}}